{"id":972,"date":"2024-04-21T11:59:47","date_gmt":"2024-04-21T11:59:47","guid":{"rendered":"https:\/\/afersdomestics.cat\/?p=972"},"modified":"2024-04-21T14:08:40","modified_gmt":"2024-04-21T14:08:40","slug":"un-jardi-de-llars-poetiques","status":"publish","type":"post","link":"https:\/\/afersdomestics.cat\/index.php\/2024\/04\/21\/un-jardi-de-llars-poetiques\/","title":{"rendered":"Un jard\u00ed de llars po\u00e8tiques"},"content":{"rendered":"\n<blockquote class=\"wp-block-quote is-layout-flow wp-block-quote-is-layout-flow\">\n<p>&#8216;Oh, benvinguts, passeu passeu, ara ja no falta ning\u00fa<br>O potser s\u00ed, ja me n&#8217;adono que tan sols hi faltes tu<br>Tamb\u00e9 pots venir si vols, t&#8217;esperem, hi ha lloc per tots<br>El temps no compta, ni l&#8217;espai, qualsevol nit pot sortir el sol&#8217;<\/p>\n<cite>Jaume Sisa, <a href=\"https:\/\/www.viasona.cat\/grup\/sisa\/qualsevol-nit-pot-sortir-el-sol\/qualsevol-nit-pot-sortir-el-sol\">Qualsevol nit pot <\/a><a href=\"https:\/\/www.viasona.cat\/grup\/sisa\/qualsevol-nit-pot-sortir-el-sol\/qualsevol-nit-pot-sortir-el-sol\" target=\"_blank\" rel=\"noreferrer noopener\">sortir<\/a><a href=\"https:\/\/www.viasona.cat\/grup\/sisa\/qualsevol-nit-pot-sortir-el-sol\/qualsevol-nit-pot-sortir-el-sol\"> el sol (1975)<\/a><\/cite><\/blockquote>\n\n\n\n<p>Llars i jardins po\u00e8tics&#8230; Deixar entrar la poesia a casa \u00e9s bonic. Al menjador de casa nostra hi ha un prestatge que acull entre els seus bra\u00e7os tota la poesia que pot. Li dona caliu, inspiraci\u00f3, tendresa, amor i vida.<\/p>\n\n\n\n<p>Si est\u00e0s atent i et submergeixes en el mar del silenci de la llar, pots sentir la remor dels mots que naveguen entre les p\u00e0gines de tots aquests llibres.<\/p>\n\n\n\n<p>Ens agrada fer lliscar els dits damunt dels lloms, fer-los dansar al ritme del va i ve de les onades, amb ganes de deixar-se endur i navegar per aquest mar po\u00e8tic. <\/p>\n\n\n\n<p>Cada poema \u00e9s una barca, serena o no, per\u00f2 quan \u00e9s pres per una veu el poema navega en un mar d&#8217;emocions i esdev\u00e9 llar al cor de qui l&#8217;acull. I pot fer arrels profundes, pot nodrir l&#8217;\u00e0nima, pot esdevenir font d&#8217;inspiraci\u00f3, pot alimentar les ganes d&#8217;aprendre, <\/p>\n\n\n\n<p>pot ser&#8230; potser&#8230;  <\/p>\n\n\n\n<p>Aquesta abril fa olor de poesia. N&#8217;\u00e9s un jard\u00ed a cada rac\u00f3 per on passem. Aquesta setmana n&#8217;oloravem de m\u00e9s cl\u00e0ssica tot descobrint una <a href=\"https:\/\/masmm.org\/biblioteca\/biblioteca.php?vista=PO\" target=\"_blank\" rel=\"noreferrer noopener\">col\u00b7lecci\u00f3 meravellosa de poesia que tenen al Museu Arxiu de Santa Maria de Matar\u00f3<\/a>. Una tarda d&#8217;un dimarts qualsevol no fa pas massa, descobr\u00edem la <a href=\"https:\/\/www.youtube.com\/playlist?app=desktop&amp;list=OLAK5uy_mRpffutvHYPq5o9GqiTL3SaSEdY9Gm_MA\" target=\"_blank\" rel=\"noreferrer noopener\">&#8216;m\u00fasica oblidada&#8217;<\/a> de poemes de Jacint Verdaguer de la m\u00e0 (a quatre mans) bellament interpretada per un matrimoni barcelon\u00ed harmoni\u00f3s al pati de l&#8217;Arxiu Hist\u00f2ric de Barcelona. I just fa una setmana ens deixavem endur per un <a href=\"https:\/\/www.edicions96.com\/es\/libro\/jardi-de-meravelles_149060\/\" target=\"_blank\" rel=\"noreferrer noopener\">jard\u00ed de meravelles<\/a> ben &#8216;real&#8217; interpretat per un m\u00edstic m\u00fasic valenci\u00e0. I si encara ens n&#8217;anem una mica m\u00e9s enrere en el rellotge del temps, ens sumavem a la roda del <a href=\"https:\/\/borjapenalba.cat\/\" target=\"_blank\" rel=\"noreferrer noopener\">gir\u00f2vag<\/a> de Val\u00e8ncia, Borja Penalba, per fer-li costat en un moment tant especial com \u00e9s l&#8217;estrena d&#8217;un disc en solitari, i al &#8216;No dir\u00e9 res de mi&#8217; d&#8217;una cantautora que est\u00e0 fent arrels a la comarca d&#8217;Osona, <a href=\"https:\/\/www.meritxellgene.cat\/biografia\/\" target=\"_blank\" rel=\"noreferrer noopener\">Meritxell Gen\u00e9<\/a>.<\/p>\n\n\n\n<p>Ens agrada el que fem, el que som. Un pas rere l&#8217;altre per\u00f2 sempre acompanyats. Donant-nos la m\u00e0 per seguir endavant. Amb pas ferm malgrat hi hagi moments de cansament o de des\u00e0nim.<\/p>\n\n\n\n<figure class=\"wp-block-gallery has-nested-images columns-default is-cropped wp-block-gallery-1 is-layout-flex wp-block-gallery-is-layout-flex\">\n<figure class=\"wp-block-image size-large\"><img loading=\"lazy\" decoding=\"async\" width=\"903\" height=\"1024\" data-id=\"974\" src=\"https:\/\/afersdomestics.cat\/wp-content\/uploads\/2024\/04\/IMG_20240417_195420-scaled-e1713605860129-903x1024.jpg\" alt=\"\" class=\"wp-image-974\" srcset=\"https:\/\/afersdomestics.cat\/wp-content\/uploads\/2024\/04\/IMG_20240417_195420-scaled-e1713605860129-903x1024.jpg 903w, https:\/\/afersdomestics.cat\/wp-content\/uploads\/2024\/04\/IMG_20240417_195420-scaled-e1713605860129-265x300.jpg 265w, https:\/\/afersdomestics.cat\/wp-content\/uploads\/2024\/04\/IMG_20240417_195420-scaled-e1713605860129-768x871.jpg 768w, https:\/\/afersdomestics.cat\/wp-content\/uploads\/2024\/04\/IMG_20240417_195420-scaled-e1713605860129-1355x1536.jpg 1355w, https:\/\/afersdomestics.cat\/wp-content\/uploads\/2024\/04\/IMG_20240417_195420-scaled-e1713605860129.jpg 1437w\" sizes=\"auto, (max-width: 903px) 100vw, 903px\" \/><figcaption class=\"wp-element-caption\">Secci\u00f3 de &#8216;Poesia&#8217; <br>al Museu Arxiu de Santa Maria de Matar\u00f3<\/figcaption><\/figure>\n\n\n\n<figure class=\"wp-block-image size-large\"><img loading=\"lazy\" decoding=\"async\" width=\"1024\" height=\"576\" data-id=\"976\" src=\"https:\/\/afersdomestics.cat\/wp-content\/uploads\/2024\/04\/IMG_20240403_190049-1024x576.jpg\" alt=\"\" class=\"wp-image-976\" srcset=\"https:\/\/afersdomestics.cat\/wp-content\/uploads\/2024\/04\/IMG_20240403_190049-1024x576.jpg 1024w, https:\/\/afersdomestics.cat\/wp-content\/uploads\/2024\/04\/IMG_20240403_190049-300x169.jpg 300w, https:\/\/afersdomestics.cat\/wp-content\/uploads\/2024\/04\/IMG_20240403_190049-768x432.jpg 768w, https:\/\/afersdomestics.cat\/wp-content\/uploads\/2024\/04\/IMG_20240403_190049-1536x864.jpg 1536w, https:\/\/afersdomestics.cat\/wp-content\/uploads\/2024\/04\/IMG_20240403_190049-2048x1152.jpg 2048w, https:\/\/afersdomestics.cat\/wp-content\/uploads\/2024\/04\/IMG_20240403_190049-990x556.jpg 990w, https:\/\/afersdomestics.cat\/wp-content\/uploads\/2024\/04\/IMG_20240403_190049-1920x1080.jpg 1920w\" sizes=\"auto, (max-width: 1024px) 100vw, 1024px\" \/><figcaption class=\"wp-element-caption\">CD&#8217;s de poesia musicada a Ona Llibreria<\/figcaption><\/figure>\n\n\n\n<figure class=\"wp-block-image size-large\"><img loading=\"lazy\" decoding=\"async\" width=\"576\" height=\"1024\" data-id=\"983\" src=\"https:\/\/afersdomestics.cat\/wp-content\/uploads\/2024\/04\/IMG_20240409_185028-576x1024.jpg\" alt=\"\" class=\"wp-image-983\" srcset=\"https:\/\/afersdomestics.cat\/wp-content\/uploads\/2024\/04\/IMG_20240409_185028-576x1024.jpg 576w, https:\/\/afersdomestics.cat\/wp-content\/uploads\/2024\/04\/IMG_20240409_185028-169x300.jpg 169w, https:\/\/afersdomestics.cat\/wp-content\/uploads\/2024\/04\/IMG_20240409_185028-1152x2048.jpg 1152w, https:\/\/afersdomestics.cat\/wp-content\/uploads\/2024\/04\/IMG_20240409_185028-scaled.jpg 1439w\" sizes=\"auto, (max-width: 576px) 100vw, 576px\" \/><figcaption class=\"wp-element-caption\">Secci\u00f3 d&#8217;estudis literaris a Ona Llibreria de Bcn (<a href=\"https:\/\/cultura.gencat.cat\/ca\/temes\/commemoracions\/2024\/anyestelles\/inici\/\">Any Estell\u00e9s<\/a>, <a href=\"https:\/\/cultura.gencat.cat\/ca\/temes\/commemoracions\/2024\/anysalvatpapasseit\/inici\/\">Any Salvat-Papasseit<\/a>)<\/figcaption><\/figure>\n<\/figure>\n\n\n\n<p>Avui estem contents de compartir amb vosaltres aquesta menci\u00f3 especial que hem rebut per un dels <a href=\"https:\/\/afersdomestics.cat\/index.php\/afers-poetics\/\" target=\"_blank\" rel=\"noreferrer noopener\">&#8216;Afers po\u00e8tics&#8217;<\/a> en el marc del <a href=\"https:\/\/www.ateneu.cat\/wp-content\/uploads\/2024\/04\/240416_Acta-Concurs-Video-Poemes-Ateneu.pdf\" target=\"_blank\" rel=\"noreferrer noopener\">V Concurs de Videopoemes convocat per l&#8217;Ateneu Santcugatenc<\/a>, amb el poema recitat per un dels membres d&#8217;Afers Dom\u00e8stics (Jordi Homs), <a href=\"https:\/\/www.youtube.com\/watch?v=GudVJtu4dKU\" target=\"_blank\" rel=\"noreferrer noopener\">&#8216;Caminar (un cant)&#8217;<\/a>, del poeta i tamb\u00e9 m\u00fasic Jaume Coll Marin\u00e9, que habita tamb\u00e9 ben a prop de casa nostra.<\/p>\n\n\n\n<p>Donar vida als poemes dels poetes \u00e9s bonic. Recitant, cantant&#8230; tant se val, el m\u00e9s important \u00e9s que bateguin! Viure els poemes i deixar-nos portar. Navegar amb ells cap all\u00e0 on ens portin. Tenim la sort que n&#8217;hi ha molta de poesia musicada. Avui la podem escoltar a trav\u00e9s de molts canals. Les plataformes digitals s\u00f3n ponts que acosten la m\u00fasica d&#8217;aquests poemes r\u00e0pidament a casa nostra. Per\u00f2 els poemes musicats tamb\u00e9 bateguen en llibreries, com <a href=\"https:\/\/www.onallibres.cat\/search?q=poesia&amp;searchProducts=true&amp;searchCategories=false&amp;searchBlog=false&amp;searchPages=false&amp;searchNews=false&amp;minCharacters=3\" target=\"_blank\" rel=\"noreferrer noopener\">Ona Llibreria<\/a> a Barcelona, i botigues de discs, on podem trobar bones seccions de poesia, m\u00fasica i poemes musicats en suports m\u00e9s cl\u00e0ssics com els CD&#8217;s i vinils&#8230;<\/p>\n\n\n\n<figure class=\"wp-block-gallery has-nested-images columns-default is-cropped wp-block-gallery-2 is-layout-flex wp-block-gallery-is-layout-flex\">\n<figure class=\"wp-block-image size-large\"><img loading=\"lazy\" decoding=\"async\" width=\"1024\" height=\"576\" data-id=\"1006\" src=\"https:\/\/afersdomestics.cat\/wp-content\/uploads\/2024\/04\/IMG_20240409_183022_petit-3-1024x576.jpg\" alt=\"\" class=\"wp-image-1006\" srcset=\"https:\/\/afersdomestics.cat\/wp-content\/uploads\/2024\/04\/IMG_20240409_183022_petit-3-1024x576.jpg 1024w, https:\/\/afersdomestics.cat\/wp-content\/uploads\/2024\/04\/IMG_20240409_183022_petit-3-300x169.jpg 300w, https:\/\/afersdomestics.cat\/wp-content\/uploads\/2024\/04\/IMG_20240409_183022_petit-3-768x432.jpg 768w, https:\/\/afersdomestics.cat\/wp-content\/uploads\/2024\/04\/IMG_20240409_183022_petit-3-990x556.jpg 990w, https:\/\/afersdomestics.cat\/wp-content\/uploads\/2024\/04\/IMG_20240409_183022_petit-3.jpg 1156w\" sizes=\"auto, (max-width: 1024px) 100vw, 1024px\" \/><figcaption class=\"wp-element-caption\">Bookeria ONA, rac\u00f3 de la m\u00fasica<\/figcaption><\/figure>\n\n\n\n<figure class=\"wp-block-image size-large\"><img loading=\"lazy\" decoding=\"async\" width=\"1024\" height=\"576\" data-id=\"1008\" src=\"https:\/\/afersdomestics.cat\/wp-content\/uploads\/2024\/04\/IMG_20240409_183559_petit-1-1024x576.jpg\" alt=\"\" class=\"wp-image-1008\" srcset=\"https:\/\/afersdomestics.cat\/wp-content\/uploads\/2024\/04\/IMG_20240409_183559_petit-1-1024x576.jpg 1024w, https:\/\/afersdomestics.cat\/wp-content\/uploads\/2024\/04\/IMG_20240409_183559_petit-1-300x169.jpg 300w, https:\/\/afersdomestics.cat\/wp-content\/uploads\/2024\/04\/IMG_20240409_183559_petit-1-768x432.jpg 768w, https:\/\/afersdomestics.cat\/wp-content\/uploads\/2024\/04\/IMG_20240409_183559_petit-1-990x556.jpg 990w, https:\/\/afersdomestics.cat\/wp-content\/uploads\/2024\/04\/IMG_20240409_183559_petit-1.jpg 1156w\" sizes=\"auto, (max-width: 1024px) 100vw, 1024px\" \/><\/figure>\n\n\n\n<figure class=\"wp-block-image size-large\"><img loading=\"lazy\" decoding=\"async\" width=\"1024\" height=\"576\" data-id=\"1005\" src=\"https:\/\/afersdomestics.cat\/wp-content\/uploads\/2024\/04\/IMG_20240409_185300_petit-1-1024x576.jpg\" alt=\"\" class=\"wp-image-1005\" srcset=\"https:\/\/afersdomestics.cat\/wp-content\/uploads\/2024\/04\/IMG_20240409_185300_petit-1-1024x576.jpg 1024w, https:\/\/afersdomestics.cat\/wp-content\/uploads\/2024\/04\/IMG_20240409_185300_petit-1-300x169.jpg 300w, https:\/\/afersdomestics.cat\/wp-content\/uploads\/2024\/04\/IMG_20240409_185300_petit-1-768x432.jpg 768w, https:\/\/afersdomestics.cat\/wp-content\/uploads\/2024\/04\/IMG_20240409_185300_petit-1-990x556.jpg 990w, https:\/\/afersdomestics.cat\/wp-content\/uploads\/2024\/04\/IMG_20240409_185300_petit-1.jpg 1156w\" sizes=\"auto, (max-width: 1024px) 100vw, 1024px\" \/><\/figure>\n<\/figure>\n\n\n\n<p>Certament, un jard\u00ed de poemes per llegir, recitar, escoltar, dansar, sentir&#8230; humanament! Un jard\u00ed ple de poetes, de m\u00fasics, de cantautors, que com uns aut\u00e8ntics <em>jardiners<\/em>, sembren, cultiven, reguen i fan cr\u00e9ixer la poesia musicada per arreu. <\/p>\n\n\n\n<p>Poc a poc, si ens hi anem endinsant i observem i escoltem amb atenci\u00f3, anem recollint un meravell\u00f3s ram de poesia. N&#8217;hi ha tanta, diversa, d&#8217;infinits colors, de diverses olors&#8230; i en s\u00f3n tant els que n&#8217;anem musicant i donant veu als nostres poetes! A tall d&#8217;exemple, i ens en deixem molts:<br><br>Ramon Muntaner (1950-2021) \/ Miquel Gil \/ Borja Penalba \/ Mireia Vives \/ Joan Isaac \/ Elies Monxol\u00ed \/ Maria del Mar Bonet \/ Roger Mas \/ Sergi Car\u00f3s \/ Llu\u00eds Llach \/ Meritxell Gen\u00e9 \/ Raimon \/ Toti Soler \/ Ivette Nadal \/ Gemma Humet \/ Jordi Humet \/ Cesk Freixas \/ Joan Manel Serrat <\/p>\n\n\n\n<p>A casa seguim gaudint de la poesia, en fam\u00edlia i bons amics, i aquesta primavera ja estem enregistrant el que ser\u00e0 el nostre segon treball de poesia musicat, de la m\u00e0 del productor Ricard Puigdom\u00e8nech, i que aquest 2024 florir\u00e0 i formar\u00e0 part d&#8217;aquest jard\u00ed de meravelles po\u00e8tic que anem cuidant entre tots. Amb ganes de seguir caminant i fer possible aquest somni i que com b\u00e9 deia Miquel Mart\u00ed i Pol i tant b\u00e9 ho canta el terrassenc Jordi Humet, <a href=\"https:\/\/youtu.be\/0_-lHnjjX58?feature=shared\" target=\"_blank\" rel=\"noreferrer noopener\">&#8216;Serem all\u00f2 que vulguem ser&#8217;<\/a>. <\/p>\n\n\n\n<p>Obrim portes i finestres, sortim al jard\u00ed, olorem les flors i deixem que entri la poesia musicada a casa nostra! En sentiu l&#8217;olor? Us en deixem un tast amb <a href=\"https:\/\/youtu.be\/TKY9brqH114?feature=shared\" target=\"_blank\" rel=\"noreferrer noopener\">&#8216;Les roses recordades&#8217;, un preci\u00f3s poema de Joan Salvat-Papasseit, musicat pel valenci\u00e0 Elies Monxol\u00ed<\/a>, tant escaient per celebrar aquest <a href=\"https:\/\/cultura.gencat.cat\/ca\/temes\/commemoracions\/2024\/anysalvatpapasseit\/inici\/\"><strong>Any Salvat-Papasseit<\/strong><\/a> en commemoraci\u00f3 al centenari de la seva mort. I un altre poema musicat, <a href=\"https:\/\/youtu.be\/TBpP9C46O3w?feature=shared\" target=\"_blank\" rel=\"noreferrer noopener\">&#8216;Llavis de rom&#8217;, de l&#8217;amiga poeta Marta Vilardaga musicat per nosaltres<\/a> al primer projecte de poesia musicada (<em><a href=\"https:\/\/www.enderrock.cat\/disc\/9298\/poemes-planes\">De poemes i planes<\/a><\/em>) i que si l&#8217;escolteu \u00e9s ple del roig dels gallarets i les roselles. <br><br>Que a cada llar, hi habiti poesia i s&#8217;ompli de roses per ser olorades i de llibres per ser llegits! <br><\/p>\n","protected":false},"excerpt":{"rendered":"<p>&#8216;Oh, benvinguts, passeu passeu, ara ja no falta ning\u00faO potser s\u00ed, ja me n&#8217;adono que tan sols hi faltes tuTamb\u00e9 pots venir si vols, t&#8217;esperem, hi ha lloc per totsEl<a href=\"https:\/\/afersdomestics.cat\/index.php\/2024\/04\/21\/un-jardi-de-llars-poetiques\/\" class=\"more-link\"><span class=\"readmore\">Si vols saber-ne m\u00e9s&#8230;<span class=\"screen-reader-text\">Un jard\u00ed de llars po\u00e8tiques<\/span><\/span><\/a><\/p>\n","protected":false},"author":1,"featured_media":986,"comment_status":"open","ping_status":"open","sticky":true,"template":"","format":"standard","meta":{"footnotes":""},"categories":[5],"tags":[11,10],"class_list":["post-972","post","type-post","status-publish","format-standard","has-post-thumbnail","hentry","category-noticies","tag-musica","tag-poesia"],"_links":{"self":[{"href":"https:\/\/afersdomestics.cat\/index.php\/wp-json\/wp\/v2\/posts\/972","targetHints":{"allow":["GET"]}}],"collection":[{"href":"https:\/\/afersdomestics.cat\/index.php\/wp-json\/wp\/v2\/posts"}],"about":[{"href":"https:\/\/afersdomestics.cat\/index.php\/wp-json\/wp\/v2\/types\/post"}],"author":[{"embeddable":true,"href":"https:\/\/afersdomestics.cat\/index.php\/wp-json\/wp\/v2\/users\/1"}],"replies":[{"embeddable":true,"href":"https:\/\/afersdomestics.cat\/index.php\/wp-json\/wp\/v2\/comments?post=972"}],"version-history":[{"count":28,"href":"https:\/\/afersdomestics.cat\/index.php\/wp-json\/wp\/v2\/posts\/972\/revisions"}],"predecessor-version":[{"id":1034,"href":"https:\/\/afersdomestics.cat\/index.php\/wp-json\/wp\/v2\/posts\/972\/revisions\/1034"}],"wp:featuredmedia":[{"embeddable":true,"href":"https:\/\/afersdomestics.cat\/index.php\/wp-json\/wp\/v2\/media\/986"}],"wp:attachment":[{"href":"https:\/\/afersdomestics.cat\/index.php\/wp-json\/wp\/v2\/media?parent=972"}],"wp:term":[{"taxonomy":"category","embeddable":true,"href":"https:\/\/afersdomestics.cat\/index.php\/wp-json\/wp\/v2\/categories?post=972"},{"taxonomy":"post_tag","embeddable":true,"href":"https:\/\/afersdomestics.cat\/index.php\/wp-json\/wp\/v2\/tags?post=972"}],"curies":[{"name":"wp","href":"https:\/\/api.w.org\/{rel}","templated":true}]}}