{"id":951,"date":"2024-03-25T16:35:16","date_gmt":"2024-03-25T16:35:16","guid":{"rendered":"https:\/\/afersdomestics.cat\/?p=951"},"modified":"2024-03-25T16:38:07","modified_gmt":"2024-03-25T16:38:07","slug":"donem-nos-la-ma-a-traves-de-veus-sons-i-paraules-dites","status":"publish","type":"post","link":"https:\/\/afersdomestics.cat\/index.php\/2024\/03\/25\/donem-nos-la-ma-a-traves-de-veus-sons-i-paraules-dites\/","title":{"rendered":"Donem-nos la m\u00e0 a trav\u00e9s de &#8216;veus&#8217;, &#8216;sons&#8217; i &#8216;paraules dites&#8217;"},"content":{"rendered":"\n<p>El dia 21 de mar\u00e7 vam celebrar el Dia Mundial de la Poesia #DMP2024, un dia en qu\u00e8 van ploure poemes per totes bandes! Coincidint amb l&#8217;Any Papasseit en motiu del centenari de la seva mort, els Afers Dom\u00e8stics vam llan\u00e7ar una crida el cap de setmana del 16-17 de mar\u00e7 perqu\u00e8 m\u00fasics, poetes i amants de la poesia ens donessim la m\u00e0 tot cantant o recitant el poema de Joan Salvat-Papasseit, &#8216;Dona&#8217;m la m\u00e0&#8217; que el m\u00fasic valenci\u00e0 Elies Monxol\u00ed ha musicat en el seu <a href=\"https:\/\/www.edicions96.com\/libro\/jardi-de-meravelles_149060\/\">llibre disc &#8216;Jard\u00ed de meravelles&#8217;, editat per Edicions 96<\/a>.<\/p>\n\n\n\n<p>A continuaci\u00f3 us en compartim el resultat que vam difondre a les xarxes socials el mateix dijous i us agraim a totes les persones que us heu llan\u00e7at a donar-se la m\u00e0. Si us ve de gust, podem seguir. Tenim les mans ben obertes. <br><br>GR\u00c0CIES SINCERES<br>Un agra\u00efment molt especial a l&#8217;Elies Monxol\u00ed per abra\u00e7ar de cor aquesta iniciativa.<br>Un gr\u00e0cies sincer a la pradenca <a href=\"https:\/\/amunujosbphotography.com\/\">Anna Munujos<\/a> per les sinergies i per compartir l&#8217;emoci\u00f3 de produir aquests v\u00eddeos de &#8216;sons&#8217;, &#8216;veus&#8217; i &#8216;paraules&#8217; que formen part d&#8217;un nou <a href=\"https:\/\/youtube.com\/playlist?list=PLTbvBVcgWna8AwI-YgZm1CIPgK4lbBaba&amp;si=pvBVr_z0crEajCEX\"><strong>Afers po\u00e8tics<\/strong><\/a> i que us compartim a continuaci\u00f3. <br>Una abra\u00e7ada immensa a totes les persones que han volgut donar-nos la m\u00e0 en aquest temps tant breu (3 dies de campanya!) i han compartit la seva melodia o la seva veu cantant o recitant-ne un fragment!<\/p>\n\n\n\n<p><\/p>\n\n\n\n<figure class=\"wp-block-embed alignleft is-type-video is-provider-youtube wp-block-embed-youtube wp-embed-aspect-16-9 wp-has-aspect-ratio\"><div class=\"wp-block-embed__wrapper\">\n<iframe loading=\"lazy\" title=\"Afers Po\u00e8tics \u00b7 11 (Paraules recitades), d&#039;Afers Dom\u00e8stics\" width=\"990\" height=\"557\" src=\"https:\/\/www.youtube.com\/embed\/PPeOvU1TVkM?feature=oembed\" frameborder=\"0\" allow=\"accelerometer; autoplay; clipboard-write; encrypted-media; gyroscope; picture-in-picture; web-share\" allowfullscreen><\/iframe>\n<\/div><figcaption class=\"wp-element-caption\">Aquest v\u00eddeo, que hem titulat &#8216;PARAULES DITES&#8217; \u00e9s el resultat de donar-se la m\u00e0 de: Carlos Apell\u00e1niz (piano i veu), Bego\u00f1a Chorques, Alba Sabat\u00e9, Llu\u00eds Montoliu, Borja Penalba, Montse Rubinat, Consol Blanch, Jordi Homs, Xica de la Safor i Anna Munujos.<\/figcaption><\/figure>\n\n\n\n<p><\/p>\n\n\n\n<p><\/p>\n\n\n\n<p><\/p>\n\n\n\n<p><\/p>\n\n\n\n<figure class=\"wp-block-embed alignleft is-type-video is-provider-youtube wp-block-embed-youtube wp-embed-aspect-16-9 wp-has-aspect-ratio\"><div class=\"wp-block-embed__wrapper\">\n<iframe loading=\"lazy\" title=\"Afers po\u00e8tics \u00b7 11 (Sons), d&#039;Afers Dom\u00e8stics\" width=\"990\" height=\"557\" src=\"https:\/\/www.youtube.com\/embed\/POUGHY7z01U?feature=oembed\" frameborder=\"0\" allow=\"accelerometer; autoplay; clipboard-write; encrypted-media; gyroscope; picture-in-picture; web-share\" allowfullscreen><\/iframe>\n<\/div><figcaption class=\"wp-element-caption\">Aquest altre v\u00eddeo, titulat &#8216;SONS&#8217; \u00e9s el resultat de donar-se la m\u00e0 els m\u00fasics Josep Ginesta (guitarra), Jordi Humet (piano), el trio Dami\u00e0 Vencill (guitarr\u00f3), Paco Farra (guitarra) i Sire (percussi\u00f3), Elies Monxol\u00ed (piano i qui ha musicat el poema &#8216;D\u00f3na&#8217;m la m\u00e0&#8217; en el llibre disc &#8216;Jard\u00ed de meravelles&#8217;.<\/figcaption><\/figure>\n\n\n\n<figure class=\"wp-block-embed alignleft is-type-video is-provider-youtube wp-block-embed-youtube wp-embed-aspect-16-9 wp-has-aspect-ratio\"><div class=\"wp-block-embed__wrapper\">\n<iframe loading=\"lazy\" title=\"Afers Po\u00e8tics \u00b7 11 (Veus), d&#039;Afers Dom\u00e8stics\" width=\"990\" height=\"557\" src=\"https:\/\/www.youtube.com\/embed\/vSFV3mD289U?feature=oembed\" frameborder=\"0\" allow=\"accelerometer; autoplay; clipboard-write; encrypted-media; gyroscope; picture-in-picture; web-share\" allowfullscreen><\/iframe>\n<\/div><figcaption class=\"wp-element-caption\">Aquest v\u00eddeo, titulat &#8216;VEUS&#8217; \u00e9s el resultat de donar-se la m\u00e0 les veus en off de Francesc Any\u00f3, Iolanda Batall\u00e9, Alicia Sorl\u00ed, Eloi Creus i N\u00faria Ca\u00f1ellas.<\/figcaption><\/figure>\n\n\n\n<p><\/p>\n\n\n\n<p><\/p>\n\n\n\n<p><\/p>\n\n\n\n<p><\/p>\n\n\n\n<p><\/p>\n\n\n\n<p><\/p>\n\n\n\n<p><\/p>\n\n\n\n<p><\/p>\n\n\n\n<p><\/p>\n\n\n\n<p><\/p>\n\n\n\n<p><\/p>\n\n\n\n<p><\/p>\n\n\n\n<p><\/p>\n\n\n\n<p>Al mateix vespre, vam assistir a l&#8217;acte central del Dia Mundial de la Poesia, <a href=\"https:\/\/cultura.gencat.cat\/ca\/temes\/commemoracions\/2024\/anyestelles\/detalls\/activitat\/2024-03-21-acte-central-dmp\">&#8216;M&#8217;HE ESTIMAT MOLT LA VIDA&#8217;<\/a>, organitzat per l&#8217;Institut de Lletres Catalanes que va tenir lloc al Centre de Cultura Contempor\u00e0nia de Barcelona, on van ploure poemes de Vicent Estall\u00e9s recitats, dansats, cantats i comentats amb molta professionalitat i passi\u00f3 per part d&#8217;en Francesc Any\u00f3, la M\u00edriam Cano, en Mart\u00ed Sales, la Mariona Garcia, l&#8217;Arnau Boces, la Mabel Olea, la Clara Poch i en Mar\u00e7al Calvet. <\/p>\n\n\n\n<blockquote class=\"wp-block-quote is-layout-flow wp-block-quote-is-layout-flow\">\n<p>Els amors<br>fan l&#8217;amor,<br>les hist\u00f2ries,<br>la hist\u00f2ria.<\/p>\n<cite>Vicent Andr\u00e9s Estell\u00e9s <\/cite><\/blockquote>\n\n\n\n<p>Un acte conduit radiof\u00f2nicament per en Roger Ser\u00f3 i la Laia Vidal en un Hall del CCCB ple de persones que els batega el cor i la vida de poesia. <\/p>\n\n\n\n<p>Acompanyats d&#8217;aquesta primera lluna plena de primavera i d&#8217;aquest regal de pluja que ens cau del cel despr\u00e9s de tants dies&#8230;, desitgem que cada dia ploguin poemes i no ens aturem de donar-nos la m\u00e0 per arribar m\u00e9s lluny! <\/p>\n\n\n\n<figure class=\"wp-block-embed is-type-rich is-provider-twitter wp-block-embed-twitter\"><div class=\"wp-block-embed__wrapper\">\n<blockquote class=\"twitter-tweet\" data-width=\"550\" data-dnt=\"true\"><p lang=\"ca\" dir=\"ltr\"><a href=\"https:\/\/twitter.com\/hashtag\/DMP2024?src=hash&amp;ref_src=twsrc%5Etfw\">#DMP2024<\/a> al <a href=\"https:\/\/twitter.com\/cececebe?ref_src=twsrc%5Etfw\">@cececebe<\/a> \ud83e\udd32<br>Sons, veus i paraules dites, cantades, dansades&#8230; pura harmonia \ud83c\udfbc i que ens seguim donant-nos la m\u00e0 i deixant petja en aquest pentagrama de la vida.<br>\ud83e\udd32\ud83c\udfbc\u270d\ufe0f <a href=\"https:\/\/t.co\/RlqSr1TG1d\">pic.twitter.com\/RlqSr1TG1d<\/a><\/p>&mdash; AfersDOmestics (@afers_d) <a href=\"https:\/\/twitter.com\/afers_d\/status\/1771117534516830214?ref_src=twsrc%5Etfw\">March 22, 2024<\/a><\/blockquote><script async src=\"https:\/\/platform.twitter.com\/widgets.js\" charset=\"utf-8\"><\/script>\n<\/div><\/figure>\n","protected":false},"excerpt":{"rendered":"<p>El dia 21 de mar\u00e7 vam celebrar el Dia Mundial de la Poesia #DMP2024, un dia en qu\u00e8 van ploure poemes per totes bandes! Coincidint amb l&#8217;Any Papasseit en motiu<a href=\"https:\/\/afersdomestics.cat\/index.php\/2024\/03\/25\/donem-nos-la-ma-a-traves-de-veus-sons-i-paraules-dites\/\" class=\"more-link\"><span class=\"readmore\">Si vols saber-ne m\u00e9s&#8230;<span class=\"screen-reader-text\">Donem-nos la m\u00e0 a trav\u00e9s de &#8216;veus&#8217;, &#8216;sons&#8217; i &#8216;paraules dites&#8217;<\/span><\/span><\/a><\/p>\n","protected":false},"author":1,"featured_media":966,"comment_status":"open","ping_status":"open","sticky":true,"template":"","format":"standard","meta":{"footnotes":""},"categories":[5],"tags":[],"class_list":["post-951","post","type-post","status-publish","format-standard","has-post-thumbnail","hentry","category-noticies"],"_links":{"self":[{"href":"https:\/\/afersdomestics.cat\/index.php\/wp-json\/wp\/v2\/posts\/951","targetHints":{"allow":["GET"]}}],"collection":[{"href":"https:\/\/afersdomestics.cat\/index.php\/wp-json\/wp\/v2\/posts"}],"about":[{"href":"https:\/\/afersdomestics.cat\/index.php\/wp-json\/wp\/v2\/types\/post"}],"author":[{"embeddable":true,"href":"https:\/\/afersdomestics.cat\/index.php\/wp-json\/wp\/v2\/users\/1"}],"replies":[{"embeddable":true,"href":"https:\/\/afersdomestics.cat\/index.php\/wp-json\/wp\/v2\/comments?post=951"}],"version-history":[{"count":15,"href":"https:\/\/afersdomestics.cat\/index.php\/wp-json\/wp\/v2\/posts\/951\/revisions"}],"predecessor-version":[{"id":970,"href":"https:\/\/afersdomestics.cat\/index.php\/wp-json\/wp\/v2\/posts\/951\/revisions\/970"}],"wp:featuredmedia":[{"embeddable":true,"href":"https:\/\/afersdomestics.cat\/index.php\/wp-json\/wp\/v2\/media\/966"}],"wp:attachment":[{"href":"https:\/\/afersdomestics.cat\/index.php\/wp-json\/wp\/v2\/media?parent=951"}],"wp:term":[{"taxonomy":"category","embeddable":true,"href":"https:\/\/afersdomestics.cat\/index.php\/wp-json\/wp\/v2\/categories?post=951"},{"taxonomy":"post_tag","embeddable":true,"href":"https:\/\/afersdomestics.cat\/index.php\/wp-json\/wp\/v2\/tags?post=951"}],"curies":[{"name":"wp","href":"https:\/\/api.w.org\/{rel}","templated":true}]}}