{"id":863,"date":"2024-02-18T22:47:27","date_gmt":"2024-02-18T22:47:27","guid":{"rendered":"https:\/\/afersdomestics.cat\/?p=863"},"modified":"2024-02-18T23:37:21","modified_gmt":"2024-02-18T23:37:21","slug":"cantar-la-poesia","status":"publish","type":"post","link":"https:\/\/afersdomestics.cat\/index.php\/2024\/02\/18\/cantar-la-poesia\/","title":{"rendered":"Cantar la poesia"},"content":{"rendered":"\n<p>L&#8217;estiu del 2022 estrenavem entre fam\u00edlia i amics el disc &#8216;De poemes i planes&#8217; al Casino de Vic. Qui ens havia de dir que aquest febrer de 2024 hi tornar\u00edem a ser sembrant novament poemes musicats. Aquesta vegada, per\u00f2, hi erem amb una altra mirada que us compartim tot seguit. <\/p>\n\n\n\n<p>El divendres 16 de febrer vam participar per primera vegada en una tert\u00falia per presentar el llibre-disc &#8216;El jard\u00ed de meravelles&#8217; de l&#8217;Elies Monxol\u00ed amb il\u00b7lustracions d&#8217;Abel D\u00e1vila Sabina i bellament editat per Edicions 96.<\/p>\n\n\n\n<figure class=\"wp-block-gallery has-nested-images columns-default is-cropped wp-block-gallery-1 is-layout-flex wp-block-gallery-is-layout-flex\">\n<figure class=\"wp-block-image size-large\"><img loading=\"lazy\" decoding=\"async\" width=\"1024\" height=\"768\" data-id=\"868\" src=\"https:\/\/afersdomestics.cat\/wp-content\/uploads\/2024\/02\/IMG-20240216-WA0026-1024x768.jpg\" alt=\"\" class=\"wp-image-868\" srcset=\"https:\/\/afersdomestics.cat\/wp-content\/uploads\/2024\/02\/IMG-20240216-WA0026-1024x768.jpg 1024w, https:\/\/afersdomestics.cat\/wp-content\/uploads\/2024\/02\/IMG-20240216-WA0026-300x225.jpg 300w, https:\/\/afersdomestics.cat\/wp-content\/uploads\/2024\/02\/IMG-20240216-WA0026-768x576.jpg 768w, https:\/\/afersdomestics.cat\/wp-content\/uploads\/2024\/02\/IMG-20240216-WA0026-1536x1152.jpg 1536w, https:\/\/afersdomestics.cat\/wp-content\/uploads\/2024\/02\/IMG-20240216-WA0026-960x720.jpg 960w, https:\/\/afersdomestics.cat\/wp-content\/uploads\/2024\/02\/IMG-20240216-WA0026-640x480.jpg 640w, https:\/\/afersdomestics.cat\/wp-content\/uploads\/2024\/02\/IMG-20240216-WA0026.jpg 1600w\" sizes=\"auto, (max-width: 1024px) 100vw, 1024px\" \/><figcaption class=\"wp-element-caption\">Foto: J. Porcar<\/figcaption><\/figure>\n\n\n\n<figure class=\"wp-block-image size-large\"><img loading=\"lazy\" decoding=\"async\" width=\"1024\" height=\"768\" data-id=\"867\" src=\"https:\/\/afersdomestics.cat\/wp-content\/uploads\/2024\/02\/IMG-20240216-WA0036-1024x768.jpg\" alt=\"\" class=\"wp-image-867\" srcset=\"https:\/\/afersdomestics.cat\/wp-content\/uploads\/2024\/02\/IMG-20240216-WA0036-1024x768.jpg 1024w, https:\/\/afersdomestics.cat\/wp-content\/uploads\/2024\/02\/IMG-20240216-WA0036-300x225.jpg 300w, https:\/\/afersdomestics.cat\/wp-content\/uploads\/2024\/02\/IMG-20240216-WA0036-768x576.jpg 768w, https:\/\/afersdomestics.cat\/wp-content\/uploads\/2024\/02\/IMG-20240216-WA0036-1536x1152.jpg 1536w, https:\/\/afersdomestics.cat\/wp-content\/uploads\/2024\/02\/IMG-20240216-WA0036-960x720.jpg 960w, https:\/\/afersdomestics.cat\/wp-content\/uploads\/2024\/02\/IMG-20240216-WA0036-640x480.jpg 640w, https:\/\/afersdomestics.cat\/wp-content\/uploads\/2024\/02\/IMG-20240216-WA0036.jpg 1600w\" sizes=\"auto, (max-width: 1024px) 100vw, 1024px\" \/><figcaption class=\"wp-element-caption\">Foto: F. Alemany<\/figcaption><\/figure>\n\n\n\n<figure class=\"wp-block-image size-large\"><img loading=\"lazy\" decoding=\"async\" width=\"1024\" height=\"768\" data-id=\"866\" src=\"https:\/\/afersdomestics.cat\/wp-content\/uploads\/2024\/02\/IMG-20240216-WA0064-1024x768.jpg\" alt=\"\" class=\"wp-image-866\" srcset=\"https:\/\/afersdomestics.cat\/wp-content\/uploads\/2024\/02\/IMG-20240216-WA0064-1024x768.jpg 1024w, https:\/\/afersdomestics.cat\/wp-content\/uploads\/2024\/02\/IMG-20240216-WA0064-300x225.jpg 300w, https:\/\/afersdomestics.cat\/wp-content\/uploads\/2024\/02\/IMG-20240216-WA0064-768x576.jpg 768w, https:\/\/afersdomestics.cat\/wp-content\/uploads\/2024\/02\/IMG-20240216-WA0064-1536x1152.jpg 1536w, https:\/\/afersdomestics.cat\/wp-content\/uploads\/2024\/02\/IMG-20240216-WA0064-960x720.jpg 960w, https:\/\/afersdomestics.cat\/wp-content\/uploads\/2024\/02\/IMG-20240216-WA0064-640x480.jpg 640w, https:\/\/afersdomestics.cat\/wp-content\/uploads\/2024\/02\/IMG-20240216-WA0064.jpg 1600w\" sizes=\"auto, (max-width: 1024px) 100vw, 1024px\" \/><figcaption class=\"wp-element-caption\">Foto: fam\u00edlia Homs Forcada<\/figcaption><\/figure>\n<\/figure>\n\n\n\n<p>Els nervis eren a flor de pell perqu\u00e8 era la primera vegada que ens demanaven una col\u00b7laboraci\u00f3 d&#8217;aquest estil. La primera part vam fer una tert\u00falia moderada per l&#8217;editora Maria Josep Escriv\u00e0 en qu\u00e8 vam parlar els Afers Dom\u00e8stics amb el cantautor de Paiporta (Pa\u00eds Valenci\u00e0), Elies Monxol\u00ed. El seu treball sintonitza amb el nostre des de diferents vessants:<\/p>\n\n\n\n<ul class=\"wp-block-list\">\n<li>musicar poesia<\/li>\n\n\n\n<li>fer dansar el recitat de poemes amb les melodies dels poemes<\/li>\n\n\n\n<li>la pres\u00e8ncia de la natura, el paisatge, les arrels i la geografia <\/li>\n\n\n\n<li>el projecte es va comen\u00e7ar a gestar en \u00e8poca de covid<\/li>\n\n\n\n<li>els poetes que ens ressonen i que fan bategar el disc a trav\u00e9s de les seves paraules <\/li>\n<\/ul>\n\n\n\n<p>Vam cloure aquesta primera part amb l&#8217;estrena d&#8217;un poema de la Maria Josep Escriv\u00e0, &#8216;Enll\u00e0 del foc&#8217; (Serena Barca, 2016,  edicions el Buc). En Jordi posava veu sobre el llen\u00e7ol del piano i s&#8217;hi afegia despr\u00e9s la veu i guitarra d&#8217;en Josep. <\/p>\n\n\n\n<figure class=\"wp-block-video alignleft\"><video height=\"864\" style=\"aspect-ratio: 480 \/ 864;\" width=\"480\" controls src=\"https:\/\/afersdomestics.cat\/wp-content\/uploads\/2024\/02\/VID-20240217-WA0041-1.mp4\"><\/video><figcaption class=\"wp-element-caption\">Un moment del recitat del poema &#8216;Enll\u00e0 del foc&#8217;. V\u00eddeo de la fam\u00edlia Homs Forcada. <\/figcaption><\/figure>\n\n\n\n<blockquote class=\"wp-block-quote is-layout-flow wp-block-quote-is-layout-flow\">\n<p>&#8220;Creix el temps com creix el verd.<br>Sega el verd el foc que passa,<br>igual que, en la nit, el gel<br>silenci\u00f3s tamb\u00e9 passa.&#8221;<\/p>\n<cite>Fragment del poema &#8216;Enll\u00e0 del foc&#8217;, de Maria Josep Escriv\u00e0.<\/cite><\/blockquote>\n\n\n\n<p>A la segona part, vam col\u00b7laborar amb el tast dels poemes musicats d&#8217;aquest &#8216;Jard\u00ed de meravelles&#8217; amb la veu d&#8217;en Jordi Homs, recitant tres poemes d&#8217;Ibn Kafajha que ens van despertar l&#8217;avidesa de saviesa. <\/p>\n\n\n\n<blockquote class=\"wp-block-quote is-layout-flow wp-block-quote-is-layout-flow\">\n<p>&#8220;Viu \u00e0vid de saviesa.<br>La ignor\u00e0ncia \u00e9s l&#8217;ull de la vergonya&#8221;<\/p>\n<cite>Fragment del poema &#8216;Viu \u00e0vid de saviesa&#8217; de Ibn Kafajha<\/cite><\/blockquote>\n\n\n\n<p>El m\u00fasic Elies Monxol\u00ed va cantar i tocar el piano de cua de la <a href=\"https:\/\/casinodevic.cat\/event\/cantar-la-poesia-un-dialeg-a-partir-del-llibre-disc-jardi-de-meravelles-delies-monxoli\/\" data-type=\"link\" data-id=\"https:\/\/casinodevic.cat\/event\/cantar-la-poesia-un-dialeg-a-partir-del-llibre-disc-jardi-de-meravelles-delies-monxoli\/\">Sala Modernista del Casino<\/a> amb gran entusiasme. Ens va fer passejar i descobrir un jard\u00ed de meravelles a trav\u00e9s de poetes com Joan Fuster, Joan Salvat-Papasseit, Salvador Espriu, Rossell\u00f3 Porcel i alguns poemes de collita pr\u00f2pia. Tots ells, agafats de la m\u00e0 a trav\u00e9s d&#8217;una veu narradora que interpretava la mateixa Maria Josep Escriv\u00e0, i que en el llibre interpreta l&#8217;actriu Gemma Miralles i l&#8217;actor Juli Mira (que va morir recentment). <\/p>\n\n\n\n<p>Si us ve de gust endinsar-vos en aquest meravell\u00f3s jard\u00ed, podeu trobar aquest llibre &#8211; disc, que emana saviesa, bellesa i amor, a la hist\u00f2rica <a href=\"https:\/\/www.instagram.com\/angladallibreriavic\/\" data-type=\"link\" data-id=\"https:\/\/www.instagram.com\/angladallibreriavic\/\">llibreria Anglada, ubicada a la Pla\u00e7a Major de Vic<\/a>, i tamb\u00e9 en l\u00ednia al cat\u00e0leg d&#8217;<a href=\"https:\/\/www.edicions96.com\/libro\/jardi-de-meravelles_149060\/\" data-type=\"link\" data-id=\"https:\/\/www.edicions96.com\/libro\/jardi-de-meravelles_149060\/\">Edicions 96<\/a>. <\/p>\n\n\n\n<p>Estem molt agra\u00efts d&#8217;haver pogut participar i especialment, a la professionalitat de l&#8217;editora Maria Josep Escriv\u00e0, el m\u00fasic Elies Monxol\u00ed, la fot\u00f2grafa Ana Munujos i els t\u00e8cnics de so i de sala Gerard Balaguer i en Quico. \u00c9s tant el que ens ha captivat aquest llibre-disc que fins i tot n&#8217;hem fet una versi\u00f3 d&#8217;un dels poemes de Joan Salvat-Papasseit, &#8216;D\u00f3na&#8217;m la m\u00e0&#8217;, amb la guitarra i veu d&#8217;en Josep. Desitgem que la gaudiu tant com nosaltres. <\/p>\n\n\n\n<figure class=\"wp-block-embed alignright is-type-video is-provider-youtube wp-block-embed-youtube wp-embed-aspect-16-9 wp-has-aspect-ratio\"><div class=\"wp-block-embed__wrapper\">\n<iframe loading=\"lazy\" title=\"Afers po\u00e8tics \u00b7 10, d&#039;Afers Dom\u00e8stics\" width=\"990\" height=\"557\" src=\"https:\/\/www.youtube.com\/embed\/fVA8YvWntw8?feature=oembed\" frameborder=\"0\" allow=\"accelerometer; autoplay; clipboard-write; encrypted-media; gyroscope; picture-in-picture; web-share\" allowfullscreen><\/iframe>\n<\/div><figcaption class=\"wp-element-caption\">Afers po\u00e8tics. Una versi\u00f3 del poema musicat per Elies Monxol\u00ed, &#8216;D\u00f3na&#8217;m la m\u00e0&#8217; (Joan Salvat-Papasseit)<\/figcaption><\/figure>\n","protected":false},"excerpt":{"rendered":"<p>L&#8217;estiu del 2022 estrenavem entre fam\u00edlia i amics el disc &#8216;De poemes i planes&#8217; al Casino de Vic. Qui ens havia de dir que aquest febrer de 2024 hi tornar\u00edem<a href=\"https:\/\/afersdomestics.cat\/index.php\/2024\/02\/18\/cantar-la-poesia\/\" class=\"more-link\"><span class=\"readmore\">Si vols saber-ne m\u00e9s&#8230;<span class=\"screen-reader-text\">Cantar la poesia<\/span><\/span><\/a><\/p>\n","protected":false},"author":1,"featured_media":859,"comment_status":"open","ping_status":"open","sticky":true,"template":"","format":"standard","meta":{"footnotes":""},"categories":[5],"tags":[11,10],"class_list":["post-863","post","type-post","status-publish","format-standard","has-post-thumbnail","hentry","category-noticies","tag-musica","tag-poesia"],"_links":{"self":[{"href":"https:\/\/afersdomestics.cat\/index.php\/wp-json\/wp\/v2\/posts\/863","targetHints":{"allow":["GET"]}}],"collection":[{"href":"https:\/\/afersdomestics.cat\/index.php\/wp-json\/wp\/v2\/posts"}],"about":[{"href":"https:\/\/afersdomestics.cat\/index.php\/wp-json\/wp\/v2\/types\/post"}],"author":[{"embeddable":true,"href":"https:\/\/afersdomestics.cat\/index.php\/wp-json\/wp\/v2\/users\/1"}],"replies":[{"embeddable":true,"href":"https:\/\/afersdomestics.cat\/index.php\/wp-json\/wp\/v2\/comments?post=863"}],"version-history":[{"count":8,"href":"https:\/\/afersdomestics.cat\/index.php\/wp-json\/wp\/v2\/posts\/863\/revisions"}],"predecessor-version":[{"id":879,"href":"https:\/\/afersdomestics.cat\/index.php\/wp-json\/wp\/v2\/posts\/863\/revisions\/879"}],"wp:featuredmedia":[{"embeddable":true,"href":"https:\/\/afersdomestics.cat\/index.php\/wp-json\/wp\/v2\/media\/859"}],"wp:attachment":[{"href":"https:\/\/afersdomestics.cat\/index.php\/wp-json\/wp\/v2\/media?parent=863"}],"wp:term":[{"taxonomy":"category","embeddable":true,"href":"https:\/\/afersdomestics.cat\/index.php\/wp-json\/wp\/v2\/categories?post=863"},{"taxonomy":"post_tag","embeddable":true,"href":"https:\/\/afersdomestics.cat\/index.php\/wp-json\/wp\/v2\/tags?post=863"}],"curies":[{"name":"wp","href":"https:\/\/api.w.org\/{rel}","templated":true}]}}