{"id":844,"date":"2023-12-29T17:09:05","date_gmt":"2023-12-29T17:09:05","guid":{"rendered":"http:\/\/afersdomestics.cat\/?p=844"},"modified":"2023-12-29T20:48:48","modified_gmt":"2023-12-29T20:48:48","slug":"musicant-animes-poetiques-2024","status":"publish","type":"post","link":"https:\/\/afersdomestics.cat\/index.php\/2023\/12\/29\/musicant-animes-poetiques-2024\/","title":{"rendered":"Musicant \u00c0nimes Po\u00e8tiques, 2024"},"content":{"rendered":"\n<p>Any que s&#8217;acaba, <br>Any que comen\u00e7a.<\/p>\n\n\n\n<p>Tenim un prop\u00f2sit per aquest 2024.<br>Tenim un desig, un somni, una il\u00b7lusi\u00f3.<br>Tenim ganes de seguir musicant m\u00e9s poesia en catal\u00e0.<\/p>\n\n\n\n<p>Despr\u00e9s del disc &#8216;De poemes i planes&#8217; editat el 2022 per Cases de la M\u00fasica de Manresa, tenim ganes de donar veu a m\u00e9s poemes nascuts al segle XXI, de poetes propers, de poetes de Catalunya i el Pa\u00eds Valenci\u00e0, de poetes contemporanis.<br>Tenim ganes de sembrar la llavor de la poesia a casa vostra.<br>Tenim ganes de fer ressonar m\u00e9s veus.<br>Tenim il\u00b7lusi\u00f3 i ens agrada la m\u00fasica.<\/p>\n\n\n\n<p>Els mots tenen la m\u00e0gia de travessar-nos la pell quan s\u00f3n cantats. Mots musicats que poden travessar murs, construir ponts i arribar a l&#8217;\u00e0nima dels qui els escolten. Els Afers Dom\u00e8stics pretenem tra\u00e7ar un pont entre la poesia i la m\u00fasica, volem construir un nou projecte a trav\u00e9s de mans amigues. Tenim l&#8217;esperan\u00e7a de fer realitat aquest somni.<\/p>\n\n\n\n<p>Encetem un nou any. Com ens diu la A del haik\u00fa de Miquel Mart\u00ed i Pol, &#8216;acull els somnis com el que s\u00f3n, un acte de fe en la vida&#8217;.<\/p>\n\n\n\n<p>La &#8216;A&#8217; d&#8217;Afers Dom\u00e8stics.<br>La &#8216;A&#8217; de l&#8217;\u00e0nima que posem en el projecte.<br>La &#8216;A&#8217; d&#8217;amistat.<\/p>\n\n\n\n<p>Aquests dies despedim el 2023 i per aix\u00f2 tenim ganes de compartir amb vosaltres els 12 poemes que tenen abric i els embolcalla una melodia i qui sap si d&#8217;aquest caliu en neix alguna melodia m\u00e9s al llarg d&#8217;aquest projecte.<\/p>\n\n\n\n<div class=\"wp-block-media-text alignwide has-media-on-the-right is-stacked-on-mobile\" style=\"grid-template-columns:auto 34%\"><div class=\"wp-block-media-text__content\">\n<p>El crit, de Susanna Lliber\u00f3s &#8211; El crit (2023)<br>El mur i jo, de Jordi Homs &#8211; in\u00e8dit<br>Enll\u00e0 del foc, de Maria Josep Escriv\u00e0 &#8211; Serena barca (2016)<br>Fulla per fulla, de Miquel Mart\u00ed i Pol (Roda de Ter)<br>Lluny, de Josep Porcar (Castell\u00f3 de la Plana) &#8211; Nectari (2016)<br>Mirall en el mirall, de Maria Josep Escriv\u00e0 &#8211; Sempre \u00e9s tard (2020)<br>Pinyol, de Josep Porcar (Castell\u00f3 de la Plana) &#8211; Nectari (2016)<br>Poema de &#8216;Els rossinyols insomnes&#8217;, de Pilar Cabot &#8211; Els rossinyols insomnes (2008)<br>Ulls de gla\u00e7, de Jordi Sol\u00e0 Coll &#8211; Ulls de gla\u00e7 (2017)<br>Ser\u00e9 de tu, de Susanna Lliber\u00f3s &#8211; Llibre dels espills (2015)<br>Sortirem dels racons foscos, de Jordi Homs (Osona) &#8211; in\u00e8dit<br>Una cadira en la boira, de Marta Vilardaga (Osona) &#8211; Una cadira en la boira (2022)<\/p>\n<\/div><figure class=\"wp-block-media-text__media\"><img loading=\"lazy\" decoding=\"async\" width=\"1022\" height=\"1024\" src=\"http:\/\/afersdomestics.cat\/wp-content\/uploads\/2023\/12\/musicantPoemes-1-1022x1024.jpg\" alt=\"\" class=\"wp-image-847 size-full\" srcset=\"https:\/\/afersdomestics.cat\/wp-content\/uploads\/2023\/12\/musicantPoemes-1-1022x1024.jpg 1022w, https:\/\/afersdomestics.cat\/wp-content\/uploads\/2023\/12\/musicantPoemes-1-300x300.jpg 300w, https:\/\/afersdomestics.cat\/wp-content\/uploads\/2023\/12\/musicantPoemes-1-150x150.jpg 150w, https:\/\/afersdomestics.cat\/wp-content\/uploads\/2023\/12\/musicantPoemes-1-768x769.jpg 768w, https:\/\/afersdomestics.cat\/wp-content\/uploads\/2023\/12\/musicantPoemes-1-640x640.jpg 640w, https:\/\/afersdomestics.cat\/wp-content\/uploads\/2023\/12\/musicantPoemes-1-180x180.jpg 180w, https:\/\/afersdomestics.cat\/wp-content\/uploads\/2023\/12\/musicantPoemes-1.jpg 1080w\" sizes=\"auto, (max-width: 1022px) 100vw, 1022px\" \/><\/figure><\/div>\n","protected":false},"excerpt":{"rendered":"<p>Any que s&#8217;acaba, Any que comen\u00e7a. Tenim un prop\u00f2sit per aquest 2024.Tenim un desig, un somni, una il\u00b7lusi\u00f3.Tenim ganes de seguir musicant m\u00e9s poesia en catal\u00e0. Despr\u00e9s del disc &#8216;De<a href=\"https:\/\/afersdomestics.cat\/index.php\/2023\/12\/29\/musicant-animes-poetiques-2024\/\" class=\"more-link\"><span class=\"readmore\">Si vols saber-ne m\u00e9s&#8230;<span class=\"screen-reader-text\">Musicant \u00c0nimes Po\u00e8tiques, 2024<\/span><\/span><\/a><\/p>\n","protected":false},"author":1,"featured_media":846,"comment_status":"open","ping_status":"open","sticky":true,"template":"","format":"standard","meta":{"footnotes":""},"categories":[5],"tags":[],"class_list":["post-844","post","type-post","status-publish","format-standard","has-post-thumbnail","hentry","category-noticies"],"_links":{"self":[{"href":"https:\/\/afersdomestics.cat\/index.php\/wp-json\/wp\/v2\/posts\/844","targetHints":{"allow":["GET"]}}],"collection":[{"href":"https:\/\/afersdomestics.cat\/index.php\/wp-json\/wp\/v2\/posts"}],"about":[{"href":"https:\/\/afersdomestics.cat\/index.php\/wp-json\/wp\/v2\/types\/post"}],"author":[{"embeddable":true,"href":"https:\/\/afersdomestics.cat\/index.php\/wp-json\/wp\/v2\/users\/1"}],"replies":[{"embeddable":true,"href":"https:\/\/afersdomestics.cat\/index.php\/wp-json\/wp\/v2\/comments?post=844"}],"version-history":[{"count":8,"href":"https:\/\/afersdomestics.cat\/index.php\/wp-json\/wp\/v2\/posts\/844\/revisions"}],"predecessor-version":[{"id":856,"href":"https:\/\/afersdomestics.cat\/index.php\/wp-json\/wp\/v2\/posts\/844\/revisions\/856"}],"wp:featuredmedia":[{"embeddable":true,"href":"https:\/\/afersdomestics.cat\/index.php\/wp-json\/wp\/v2\/media\/846"}],"wp:attachment":[{"href":"https:\/\/afersdomestics.cat\/index.php\/wp-json\/wp\/v2\/media?parent=844"}],"wp:term":[{"taxonomy":"category","embeddable":true,"href":"https:\/\/afersdomestics.cat\/index.php\/wp-json\/wp\/v2\/categories?post=844"},{"taxonomy":"post_tag","embeddable":true,"href":"https:\/\/afersdomestics.cat\/index.php\/wp-json\/wp\/v2\/tags?post=844"}],"curies":[{"name":"wp","href":"https:\/\/api.w.org\/{rel}","templated":true}]}}