{"id":643,"date":"2022-12-20T22:05:28","date_gmt":"2022-12-20T22:05:28","guid":{"rendered":"http:\/\/afersdomestics.cat\/?p=643"},"modified":"2022-12-20T22:26:38","modified_gmt":"2022-12-20T22:26:38","slug":"aquest-hivern-sortirem-dels-racons-foscos","status":"publish","type":"post","link":"https:\/\/afersdomestics.cat\/index.php\/2022\/12\/20\/aquest-hivern-sortirem-dels-racons-foscos\/","title":{"rendered":"Aquest hivern&#8230; Sortirem dels racons foscos"},"content":{"rendered":"\n<div class=\"wp-block-media-text alignwide has-media-on-the-right is-stacked-on-mobile\" style=\"grid-template-columns:auto 37%\"><div class=\"wp-block-media-text__content\">\n<p>Avui encetem l&#8217;hivern, i tamb\u00e9 aquesta can\u00e7\u00f3 d&#8217;hivern que hem tingut la sort d&#8217;enregistrar a l&#8217;<a href=\"https:\/\/www.bibliotecapilarinbayes.cat\/espais\/espai-lab\/\" data-type=\"URL\" data-id=\"https:\/\/www.bibliotecapilarinbayes.cat\/espais\/espai-lab\/\" target=\"_blank\" rel=\"noreferrer noopener\">espai LAB AUSA<\/a> de la <a rel=\"noreferrer noopener\" href=\"https:\/\/www.bibliotecapilarinbayes.cat\/\" target=\"_blank\">Biblioteca Pilarin Bay\u00e9s<\/a> amb qui l&#8217;hem compartit perqu\u00e8 la poguessin utilitzar per muntar aquesta bonica <a rel=\"noreferrer noopener\" href=\"https:\/\/www.instagram.com\/p\/CmZjqd8KD3i\/\" target=\"_blank\"><strong>felicitaci\u00f3 de Nadal<\/strong><\/a>. Us convidem a veure-la a les seves xarxes socials (Instagram). Hi coneixereu l&#8217;actual equip de la Biblioteca: l&#8217;Ignasi, l&#8217;Ester, en Robert, l&#8217;Ariadna, l&#8217;Anna, la Tina, en Marc, l&#8217;Ester, l&#8217;Eduard, la Vero, la Rosa, l&#8217;Alia, en Joseph, la Maria, la Mireia, la Pepi, en Jordi, la Susana, la Carme, en Na\u00efm, l&#8217;Anna, l&#8217;Iris, la Susana, la Montse, la Gabriela, l&#8217;Ester i la Feli. Tots ells els veiem saltar enlaire, ben amunt. Plens d&#8217;energia! I si ens endisem a dins la nova Biblioteca, plena de llibres i bona m\u00fasica, veurem en els diferents espais una frase en diferents lleng\u00fces, una frase que afirma que &#8220;el coneixement il\u00b7lumina la vida&#8221;. I \u00e9s aix\u00ed com cadascun d&#8217;ells dona sentit a la seva feina i amb la seva bona predisposici\u00f3 i bona actitud, ens guien i donen suport a tots els usuaris que hi anem. Grans, petits, sols, acompanyats, en parella, en fam\u00edlia, &#8230; Un equip de persones que ens obra les portes a tots els qui tenim ganes d&#8217;aprendre, de llegir, d&#8217;escoltar, de sentir, de compartir, d&#8217;experimentar, d&#8217;un moment de rep\u00f2s, de tocar el piano, de fer un caf\u00e8, d&#8217;anar a una confer\u00e8ncia, de comentar una lectura, d&#8217;escoltar un conte, de gaudir, de reposar, d&#8217;omplir-nos de coneixement, de viure!<\/p>\n<\/div><figure class=\"wp-block-media-text__media\"><img loading=\"lazy\" decoding=\"async\" width=\"645\" height=\"1024\" src=\"http:\/\/afersdomestics.cat\/wp-content\/uploads\/2022\/12\/IMG-20221220-WA0015-645x1024.jpg\" alt=\"\" class=\"wp-image-659 size-full\" srcset=\"https:\/\/afersdomestics.cat\/wp-content\/uploads\/2022\/12\/IMG-20221220-WA0015-645x1024.jpg 645w, https:\/\/afersdomestics.cat\/wp-content\/uploads\/2022\/12\/IMG-20221220-WA0015-189x300.jpg 189w, https:\/\/afersdomestics.cat\/wp-content\/uploads\/2022\/12\/IMG-20221220-WA0015-768x1219.jpg 768w, https:\/\/afersdomestics.cat\/wp-content\/uploads\/2022\/12\/IMG-20221220-WA0015-968x1536.jpg 968w, https:\/\/afersdomestics.cat\/wp-content\/uploads\/2022\/12\/IMG-20221220-WA0015.jpg 1008w\" sizes=\"auto, (max-width: 645px) 100vw, 645px\" \/><\/figure><\/div>\n\n\n\n<div class=\"wp-block-group\"><div class=\"wp-block-group__inner-container is-layout-constrained wp-block-group-is-layout-constrained\">\n<div class=\"wp-block-columns is-layout-flex wp-container-core-columns-is-layout-9d6595d7 wp-block-columns-is-layout-flex\">\n<div class=\"wp-block-column is-layout-flow wp-block-column-is-layout-flow\">\n<figure class=\"wp-block-embed is-type-video is-provider-youtube wp-block-embed-youtube wp-embed-aspect-16-9 wp-has-aspect-ratio\"><div class=\"wp-block-embed__wrapper\">\n<iframe loading=\"lazy\" title=\"Sortirem dels racons foscos, d&#039;Afers Dom\u00e8stics (un poema de Jordi Homs)\" width=\"990\" height=\"557\" src=\"https:\/\/www.youtube.com\/embed\/_X1qwymrAT4?feature=oembed\" frameborder=\"0\" allow=\"accelerometer; autoplay; clipboard-write; encrypted-media; gyroscope; picture-in-picture\" allowfullscreen><\/iframe>\n<\/div><\/figure>\n<\/div>\n\n\n\n<div class=\"wp-block-column is-layout-flow wp-block-column-is-layout-flow\">\n<p>Amb aquesta can\u00e7\u00f3, &#8216;Sortirem dels racons foscos&#8217; (un poema de Jordi Homs), els Afers Dom\u00e8stics n&#8217;hem editat un v\u00eddeo perqu\u00e8 pugueu escoltar-la i compartir-la entre els vostres. Perqu\u00e8 aquest hivern sigui ple d&#8217;amor, ple d&#8217;escalf i ple de llum!<\/p>\n\n\n\n<p><\/p>\n\n\n\n<blockquote class=\"wp-block-quote is-layout-flow wp-block-quote-is-layout-flow\">\n<p>&#8220;Us convidem a desc\u00f3rrer les cortines d\u2019aquest hivern que s\u2019obre pas aquesta nit.<br>Nom\u00e9s si som llum podrem il\u00b7luminar els nostres racons foscos.<br>Nom\u00e9s si som amor ens podrem recon\u00e8ixer en els altres.<br>Encara que no l&#8217;entenguem, el misteri de l\u2019exist\u00e8ncia val l&#8217;alegria de ser viscut. Perqu\u00e8 venen temps foscos, per\u00f2 no ho seran si deixem brillar els nostres cors.&#8221;<\/p>\n<cite>Afers Dom\u00e8stics<\/cite><\/blockquote>\n<\/div>\n<\/div>\n\n\n\n<p><strong>PER UNES FESTES DE NADAL PLENES D&#8217;AMOR I PER UN ANY NOU PLE DE LLUM!<\/strong><\/p>\n<\/div><\/div>\n","protected":false},"excerpt":{"rendered":"<p>Foto: Emili Vilamala (juliol 2022, St. Bartomeu del Grau, Osona) &hellip; <a href=\"https:\/\/afersdomestics.cat\/index.php\/2022\/12\/20\/aquest-hivern-sortirem-dels-racons-foscos\/\" class=\"more-link\"><span class=\"readmore\">Si vols saber-ne m\u00e9s&#8230;<span class=\"screen-reader-text\">Aquest hivern&#8230; Sortirem dels racons foscos<\/span><\/span><\/a><\/p>\n","protected":false},"author":1,"featured_media":646,"comment_status":"open","ping_status":"open","sticky":true,"template":"","format":"standard","meta":{"footnotes":""},"categories":[5],"tags":[14,11,13,10],"class_list":["post-643","post","type-post","status-publish","format-standard","has-post-thumbnail","hentry","category-noticies","tag-hivern","tag-musica","tag-nadal","tag-poesia"],"_links":{"self":[{"href":"https:\/\/afersdomestics.cat\/index.php\/wp-json\/wp\/v2\/posts\/643","targetHints":{"allow":["GET"]}}],"collection":[{"href":"https:\/\/afersdomestics.cat\/index.php\/wp-json\/wp\/v2\/posts"}],"about":[{"href":"https:\/\/afersdomestics.cat\/index.php\/wp-json\/wp\/v2\/types\/post"}],"author":[{"embeddable":true,"href":"https:\/\/afersdomestics.cat\/index.php\/wp-json\/wp\/v2\/users\/1"}],"replies":[{"embeddable":true,"href":"https:\/\/afersdomestics.cat\/index.php\/wp-json\/wp\/v2\/comments?post=643"}],"version-history":[{"count":14,"href":"https:\/\/afersdomestics.cat\/index.php\/wp-json\/wp\/v2\/posts\/643\/revisions"}],"predecessor-version":[{"id":663,"href":"https:\/\/afersdomestics.cat\/index.php\/wp-json\/wp\/v2\/posts\/643\/revisions\/663"}],"wp:featuredmedia":[{"embeddable":true,"href":"https:\/\/afersdomestics.cat\/index.php\/wp-json\/wp\/v2\/media\/646"}],"wp:attachment":[{"href":"https:\/\/afersdomestics.cat\/index.php\/wp-json\/wp\/v2\/media?parent=643"}],"wp:term":[{"taxonomy":"category","embeddable":true,"href":"https:\/\/afersdomestics.cat\/index.php\/wp-json\/wp\/v2\/categories?post=643"},{"taxonomy":"post_tag","embeddable":true,"href":"https:\/\/afersdomestics.cat\/index.php\/wp-json\/wp\/v2\/tags?post=643"}],"curies":[{"name":"wp","href":"https:\/\/api.w.org\/{rel}","templated":true}]}}