{"id":551,"date":"2022-07-23T16:24:58","date_gmt":"2022-07-23T16:24:58","guid":{"rendered":"http:\/\/afersdomestics.cat\/?p=551"},"modified":"2022-07-23T17:53:49","modified_gmt":"2022-07-23T17:53:49","slug":"postals-de-platja-i-ulls-dagost","status":"publish","type":"post","link":"https:\/\/afersdomestics.cat\/index.php\/2022\/07\/23\/postals-de-platja-i-ulls-dagost\/","title":{"rendered":"Postals de platja i Ulls d&#8217;agost"},"content":{"rendered":"\n<p>Estiu, temps de ren\u00e9ixer i renovar il\u00b7lusions. I per a nosaltres, el moment propici per compartir noves estrenes. <\/p>\n\n\n\n<p>La primera estrena de l&#8217;estiu, un nou videpoema d&#8217;un dels poemes musicats del nostre disc, &#8220;De poemes i planes&#8221;, que vam presentar oficialment el <a rel=\"noreferrer noopener\" href=\"https:\/\/casinodevic.cat\/event\/concert-afers-domestics\/\" data-type=\"URL\" data-id=\"https:\/\/casinodevic.cat\/event\/concert-afers-domestics\/\" target=\"_blank\">dissabte 2 de juliol a la Sala Modernista del Casino de Vic<\/a> (llegir article) i que presentarem a Prenafeta (Montblanc) el proper divendres 5 d&#8217;agost. Diferents instant\u00e0nies que ens proposa Josep Porcar en el seu poema \u201cPostals de platja\u201d incl\u00f2s en el llibre <a rel=\"noreferrer noopener\" href=\"https:\/\/www.porcar.net\/llibres\/els-estius-de-josep-porcar\/\" data-type=\"URL\" data-id=\"https:\/\/www.porcar.net\/llibres\/els-estius-de-josep-porcar\/\" target=\"_blank\">Els estius<\/a>. En aquest llibre en Josep Porcar fa una cr\u00edtica punyent a un model de turisme poc respectu\u00f3s amb la natura, la cultura i l\u2019entorn. El poema \u201cPostal de platja\u201d ens ofereix 19 imatges que posen en evid\u00e8ncia la necessitat de reflexionar i repensar aquest model de turisme consumista i agressiu amb postals com aquesta:<\/p>\n\n\n\n<figure class=\"wp-block-embed alignleft is-type-video is-provider-youtube wp-block-embed-youtube wp-embed-aspect-16-9 wp-has-aspect-ratio\"><div class=\"wp-block-embed__wrapper\">\n<iframe loading=\"lazy\" title=\"Postals de platja, d&#039;Afers Dom\u00e8stics (videoclip oficial)\" width=\"990\" height=\"557\" src=\"https:\/\/www.youtube.com\/embed\/QRpQeEAeh5E?feature=oembed\" frameborder=\"0\" allow=\"accelerometer; autoplay; clipboard-write; encrypted-media; gyroscope; picture-in-picture\" allowfullscreen><\/iframe>\n<\/div><figcaption>Videopoema &#8220;Postals de platja&#8221;, d&#8217;Afers Dom\u00e8stics. Editat per Vetavisual.com.<\/figcaption><\/figure>\n\n\n\n<p><strong>Postal XI. Benic\u00e0ssim <\/strong> (Josep Porcar)<\/p>\n\n\n\n<p><em>Havies d\u2019anar a parar a l\u2019\u00fanica platja <br>De l\u2019univers on pots sentir-te plenament turista i estranger a casa. <br>Pots, per exemple, empassar-te pizza en sis idiomes llevat <br>Del teu. <\/em><\/p>\n\n\n\n<p><\/p>\n\n\n\n<p>Un model de turisme que uns magn\u00edfics governants han ajudat a implementar i que durant anys ha destrossat el litoral del Pa\u00eds Valenci\u00e0 i moltes altres zones del Mediterrani. D\u2019aquestes postals n\u2019hem musicat 3: la postal V. Panor\u00e0mica; la postal I. Poeta; i la postal X. Saviesa. <\/p>\n\n\n\n<p>La segona estrena, la can\u00e7\u00f3 &#8220;Ulls d&#8217;agost&#8221;, composta per Josep Ginesta (Afers Dom\u00e8stics) i dedicada als seus pares. \u00cdntima i d&#8217;una gran sensibilitat, guitarra i veu, autoeditada a casa.<\/p>\n\n\n\n<figure class=\"wp-block-embed alignleft is-type-video is-provider-youtube wp-block-embed-youtube wp-embed-aspect-16-9 wp-has-aspect-ratio\"><div class=\"wp-block-embed__wrapper\">\n<iframe loading=\"lazy\" title=\"Ulls d&#039;agost, d&#039;Afers Dom\u00e8stics\" width=\"990\" height=\"557\" src=\"https:\/\/www.youtube.com\/embed\/JSiA6VO0xOk?feature=oembed\" frameborder=\"0\" allow=\"accelerometer; autoplay; clipboard-write; encrypted-media; gyroscope; picture-in-picture\" allowfullscreen><\/iframe>\n<\/div><figcaption>Videoclip d&#8217;Ulls d&#8217;agost (autoeditat a casa, per Afers Dom\u00e8stics)<\/figcaption><\/figure>\n\n\n\n<p>Prenafeta, a l\u2019agost del 75, una parella comen\u00e7a a festejar. Un camp d\u2019oliveres \u00e9s l\u2019escenari d\u2019una de les primeres trobades i un pi jove escolta les paraules, que puc endevinar tendres i tremoloses. Aquest mateix escenari \u00e9s avui casa seva, aqu\u00ed han vist cr\u00e9ixer fills i n\u00e9ts. \u00c9s en aquest petit trosset de terra on han llaurat il\u00b7lusions, i collit alguns dels fruits de la vida, a voltes dol\u00e7os i d\u2019altres no tant. Ara que ja fa una temporada que en toca de menjar-ne d\u2019amargs, tenir-se l\u2019un a l\u2019altre \u00e9s el m\u00e9s important. Saber-se acompanyat, tenir la m\u00e0 que ens gui\u00ef quan no endevinem el cam\u00ed. Prenafeta ha estat el punt de partida, d\u2019aquest cam\u00ed que comparteixen i, al mateix temps, sempre ha estat el lloc on poder tornar. I encara que nom\u00e9s hi hagi boira al mirar endavant els records sempre hi seran per il\u00b7luminar-vos, recordar-vos qui sou i d\u2019on veniu i donar-vos l\u2019empenta per seguir endavant. Aquesta can\u00e7\u00f3 \u00e9s nom\u00e9s una can\u00e7\u00f3 per agrair-vos per ser com sou, per dir-vos que pensem en vosaltres i tamb\u00e9 per recordar-vos que malgrat la dist\u00e0ncia, us acompanyem en aquest cam\u00ed.<\/p>\n\n\n\n<p>Gr\u00e0cies tamb\u00e9 a tots vosatres que ens llegiu, seguiu, i ens acompanyeu en aquest cam\u00ed musical. Agra\u00efts!<\/p>\n\n\n\n<p><\/p>\n\n\n\n<p><\/p>\n\n\n\n<p><\/p>\n","protected":false},"excerpt":{"rendered":"<p>Estiu, temps de ren\u00e9ixer i renovar il\u00b7lusions. I per a nosaltres, el moment propici per compartir noves estrenes. La primera estrena de l&#8217;estiu, un nou videpoema d&#8217;un dels poemes musicats<a href=\"https:\/\/afersdomestics.cat\/index.php\/2022\/07\/23\/postals-de-platja-i-ulls-dagost\/\" class=\"more-link\"><span class=\"readmore\">Si vols saber-ne m\u00e9s&#8230;<span class=\"screen-reader-text\">Postals de platja i Ulls d&#8217;agost<\/span><\/span><\/a><\/p>\n","protected":false},"author":1,"featured_media":577,"comment_status":"open","ping_status":"open","sticky":true,"template":"","format":"standard","meta":{"footnotes":""},"categories":[5],"tags":[],"class_list":["post-551","post","type-post","status-publish","format-standard","has-post-thumbnail","hentry","category-noticies"],"_links":{"self":[{"href":"https:\/\/afersdomestics.cat\/index.php\/wp-json\/wp\/v2\/posts\/551","targetHints":{"allow":["GET"]}}],"collection":[{"href":"https:\/\/afersdomestics.cat\/index.php\/wp-json\/wp\/v2\/posts"}],"about":[{"href":"https:\/\/afersdomestics.cat\/index.php\/wp-json\/wp\/v2\/types\/post"}],"author":[{"embeddable":true,"href":"https:\/\/afersdomestics.cat\/index.php\/wp-json\/wp\/v2\/users\/1"}],"replies":[{"embeddable":true,"href":"https:\/\/afersdomestics.cat\/index.php\/wp-json\/wp\/v2\/comments?post=551"}],"version-history":[{"count":12,"href":"https:\/\/afersdomestics.cat\/index.php\/wp-json\/wp\/v2\/posts\/551\/revisions"}],"predecessor-version":[{"id":587,"href":"https:\/\/afersdomestics.cat\/index.php\/wp-json\/wp\/v2\/posts\/551\/revisions\/587"}],"wp:featuredmedia":[{"embeddable":true,"href":"https:\/\/afersdomestics.cat\/index.php\/wp-json\/wp\/v2\/media\/577"}],"wp:attachment":[{"href":"https:\/\/afersdomestics.cat\/index.php\/wp-json\/wp\/v2\/media?parent=551"}],"wp:term":[{"taxonomy":"category","embeddable":true,"href":"https:\/\/afersdomestics.cat\/index.php\/wp-json\/wp\/v2\/categories?post=551"},{"taxonomy":"post_tag","embeddable":true,"href":"https:\/\/afersdomestics.cat\/index.php\/wp-json\/wp\/v2\/tags?post=551"}],"curies":[{"name":"wp","href":"https:\/\/api.w.org\/{rel}","templated":true}]}}