{"id":210,"date":"2022-01-04T12:00:00","date_gmt":"2022-01-04T12:00:00","guid":{"rendered":"http:\/\/afersdomestics.cat\/?p=210"},"modified":"2022-01-16T10:58:15","modified_gmt":"2022-01-16T10:58:15","slug":"afersdomestics-cuinat-a-casa","status":"publish","type":"post","link":"https:\/\/afersdomestics.cat\/index.php\/2022\/01\/04\/afersdomestics-cuinat-a-casa\/","title":{"rendered":"afersdomestics.cat, cuinat a casa"},"content":{"rendered":"\n<p>A la cuina de totes les cases s&#8217;hi couen coses, s&#8217;hi cuinen plats per a tots els gustos, hi bullen idees, s&#8217;hi barregen ingredients, es tasten coses, es comparteixen moments dol\u00e7os i d&#8217;altres m\u00e9s amargs&#8230; I com a casa teva, a la cuina d\u2019Afers Dom\u00e8stics tamb\u00e9 fa temps que hi ha projectes que van fent xup-xup&#8230;  <\/p>\n\n\n\n<figure class=\"wp-block-pullquote\"><blockquote><p>Acull els somnis com el que s\u00f3n, un acte de fe en la vida<\/p><cite>Miquel Mart\u00ed i Pol (Abecedari)<\/cite><\/blockquote><\/figure>\n\n\n\n<p>El passat 24 de desembre, va sortir del forn el logotip que ens va dissenyar <a rel=\"noreferrer noopener\" href=\"https:\/\/www.vetavisual.com\/\" data-type=\"URL\" data-id=\"https:\/\/www.vetavisual.com\/\" target=\"_blank\">VetaVisual.com<\/a>. El 24 de desembre per a nosaltres \u00e9s una nit m\u00e0gica, una nit plena de llum en qu\u00e8 ens recollim a casa al voltant del foc de la llar que ens embolcalla i ens escalfa si hi som a prop. Per a nosaltres, la llar \u00e9s confort, acolliment, caliu, cuques de llum que guspiregen, fam\u00edlia&#8230; I \u00e9s d&#8217;aquest recolliment i d&#8217;aquest estar a casa i amb els de casa, que el guspireig del foc va comen\u00e7ar a encendre la flama d&#8217;Afers Dom\u00e8stics i que us expliquem a l&#8217;apartat &#8220;<a href=\"http:\/\/afersdomestics.cat\/index.php\/principal\/\" data-type=\"URL\" data-id=\"http:\/\/afersdomestics.cat\/index.php\/principal\/\">Cuinant Afers Dom\u00e8stics<\/a>&#8220;. En plena pand\u00e8mia, van ressorgir inquietuds i m\u00fasiques que havien estat adormides una bona temporada. I uns pels altres, el foc va comen\u00e7ar a cremar i el gener de 2021 public\u00e0vem el nostre primer projecte musical autoeditat, Confinats amb sabatilles. Tot plegat, molt d&#8217;estar per casa per\u00f2 tendre i acollidor al nostre entendre. <\/p>\n\n\n\n<p>I un any despr\u00e9s, a punt de publicar el nostre segon projecte musical, &#8220;De poemes i planes&#8221;, enregistrat en estudi gr\u00e0cies a la <a rel=\"noreferrer noopener\" href=\"https:\/\/casadelamusica.cat\/index.php\/enregistrament-de-maquetes\" data-type=\"URL\" data-id=\"https:\/\/casadelamusica.cat\/index.php\/enregistrament-de-maquetes\" target=\"_blank\"><strong>beca concedida per Cases de la M\u00fasica de Manresa<\/strong><\/a> i acompanyats per en Bernat i l&#8217;Oriol (&#8220;Puxi&#8221;), no podem estar m\u00e9s contents i agra\u00efts a Cases de la M\u00fasica i als amics i poetes <a rel=\"noreferrer noopener\" href=\"https:\/\/www.porcar.net\/\" data-type=\"URL\" data-id=\"https:\/\/www.porcar.net\/\" target=\"_blank\">Josep Porcar<\/a> i <a rel=\"noreferrer noopener\" href=\"https:\/\/amagatalldelletres.wordpress.com\/author\/mvv14\/\" data-type=\"URL\" data-id=\"https:\/\/amagatalldelletres.wordpress.com\/author\/mvv14\/\" target=\"_blank\">Marta Vilardaga<\/a> que s\u00f3n els protagonistes dels poemes que hem musicat en aquest segon disc i que des del primer moment han confiat en nosaltres i apreciat de cor el nostre treball. <\/p>\n\n\n\n<p>I avui, 5 de gener, nit m\u00e0gica de Reis, estem acabant els darrers retocs de la nostra p\u00e0gina web <strong>.CAT<\/strong>, que ens hem dissenyat nosaltres, en fam\u00edlia, a casa nostra, i que tenim a punt de caramel! Uns minuts m\u00e9s i surt del forn. Des d&#8217;aqu\u00ed, anirem compartint amb tu, que ens llegeixes, el nostre projecte. Calent, calent&#8230; el disc de poesia musicada, &#8220;De poemes i planes&#8221;! <\/p>\n\n\n\n<p>I mentrestant, el caliu del foc segueix ben viu i anem cuinant d&#8217;altres projectes acompanyats de bons i grans amics que col\u00b7laboren amb all\u00f2 en qu\u00e8 brillen m\u00e9s. I aix\u00ed, mesclant tots aquests ingredients, estem segurs que n&#8217;aniran sortint uns plats a compartir amb tu i amb tu, que ens llegeixes, segueixes i valores el que fem. Gr\u00e0cies, de tot cor. <\/p>\n\n\n\n<div class=\"wp-block-columns is-layout-flex wp-container-core-columns-is-layout-9d6595d7 wp-block-columns-is-layout-flex\">\n<div class=\"wp-block-column is-layout-flow wp-block-column-is-layout-flow\">\n<div class=\"wp-block-columns is-layout-flex wp-container-core-columns-is-layout-9d6595d7 wp-block-columns-is-layout-flex\">\n<div class=\"wp-block-column is-layout-flow wp-block-column-is-layout-flow\">\n<figure class=\"wp-block-gallery columns-1 wp-block-gallery-1 is-layout-flex wp-block-gallery-is-layout-flex\"><ul class=\"blocks-gallery-grid\"><li class=\"blocks-gallery-item\"><figure><img loading=\"lazy\" decoding=\"async\" width=\"225\" height=\"300\" src=\"http:\/\/afersdomestics.cat\/wp-content\/uploads\/2022\/01\/IMG_20220104_150613-3-225x300.jpg\" alt=\"\" data-id=\"243\" data-full-url=\"http:\/\/afersdomestics.cat\/wp-content\/uploads\/2022\/01\/IMG_20220104_150613-3-scaled.jpg\" data-link=\"http:\/\/afersdomestics.cat\/index.php\/2022\/01\/04\/afersdomestics-cuinat-a-casa\/img_20220104_150613-3\/\" class=\"wp-image-243\" srcset=\"https:\/\/afersdomestics.cat\/wp-content\/uploads\/2022\/01\/IMG_20220104_150613-3-225x300.jpg 225w, https:\/\/afersdomestics.cat\/wp-content\/uploads\/2022\/01\/IMG_20220104_150613-3-769x1024.jpg 769w, https:\/\/afersdomestics.cat\/wp-content\/uploads\/2022\/01\/IMG_20220104_150613-3-768x1023.jpg 768w, https:\/\/afersdomestics.cat\/wp-content\/uploads\/2022\/01\/IMG_20220104_150613-3-1153x1536.jpg 1153w, https:\/\/afersdomestics.cat\/wp-content\/uploads\/2022\/01\/IMG_20220104_150613-3-1538x2048.jpg 1538w, https:\/\/afersdomestics.cat\/wp-content\/uploads\/2022\/01\/IMG_20220104_150613-3-scaled.jpg 1922w\" sizes=\"auto, (max-width: 225px) 100vw, 225px\" \/><\/figure><\/li><\/ul><figcaption class=\"blocks-gallery-caption\">\u00a9Fotos: Afers Dom\u00e8stics<\/figcaption><\/figure>\n<\/div>\n<\/div>\n<\/div>\n<\/div>\n","protected":false},"excerpt":{"rendered":"<p>A la cuina de totes les cases s&#8217;hi couen coses, s&#8217;hi cuinen plats per a tots els gustos, hi bullen idees, s&#8217;hi barregen ingredients, es tasten coses, es comparteixen moments<a href=\"https:\/\/afersdomestics.cat\/index.php\/2022\/01\/04\/afersdomestics-cuinat-a-casa\/\" class=\"more-link\"><span class=\"readmore\">Si vols saber-ne m\u00e9s&#8230;<span class=\"screen-reader-text\">afersdomestics.cat, cuinat a casa<\/span><\/span><\/a><\/p>\n","protected":false},"author":1,"featured_media":0,"comment_status":"open","ping_status":"closed","sticky":true,"template":"","format":"standard","meta":{"footnotes":""},"categories":[5],"tags":[],"class_list":["post-210","post","type-post","status-publish","format-standard","hentry","category-noticies"],"_links":{"self":[{"href":"https:\/\/afersdomestics.cat\/index.php\/wp-json\/wp\/v2\/posts\/210","targetHints":{"allow":["GET"]}}],"collection":[{"href":"https:\/\/afersdomestics.cat\/index.php\/wp-json\/wp\/v2\/posts"}],"about":[{"href":"https:\/\/afersdomestics.cat\/index.php\/wp-json\/wp\/v2\/types\/post"}],"author":[{"embeddable":true,"href":"https:\/\/afersdomestics.cat\/index.php\/wp-json\/wp\/v2\/users\/1"}],"replies":[{"embeddable":true,"href":"https:\/\/afersdomestics.cat\/index.php\/wp-json\/wp\/v2\/comments?post=210"}],"version-history":[{"count":19,"href":"https:\/\/afersdomestics.cat\/index.php\/wp-json\/wp\/v2\/posts\/210\/revisions"}],"predecessor-version":[{"id":360,"href":"https:\/\/afersdomestics.cat\/index.php\/wp-json\/wp\/v2\/posts\/210\/revisions\/360"}],"wp:attachment":[{"href":"https:\/\/afersdomestics.cat\/index.php\/wp-json\/wp\/v2\/media?parent=210"}],"wp:term":[{"taxonomy":"category","embeddable":true,"href":"https:\/\/afersdomestics.cat\/index.php\/wp-json\/wp\/v2\/categories?post=210"},{"taxonomy":"post_tag","embeddable":true,"href":"https:\/\/afersdomestics.cat\/index.php\/wp-json\/wp\/v2\/tags?post=210"}],"curies":[{"name":"wp","href":"https:\/\/api.w.org\/{rel}","templated":true}]}}