{"id":1341,"date":"2026-01-17T21:36:24","date_gmt":"2026-01-17T21:36:24","guid":{"rendered":"https:\/\/afersdomestics.cat\/?p=1341"},"modified":"2026-01-17T22:46:25","modified_gmt":"2026-01-17T22:46:25","slug":"fusio-de-musica-i-poesia","status":"publish","type":"post","link":"https:\/\/afersdomestics.cat\/index.php\/2026\/01\/17\/fusio-de-musica-i-poesia\/","title":{"rendered":"Fusi\u00f3 de m\u00fasica i poesia"},"content":{"rendered":"\n<p>Entres? A fora plou. Fa fred. \u00c9s fosc. \u00c9s en aquests moments quan apreciem tenir un sostre on resguardar-nos, oi? Trobar recer enmig d&#8217;una tempesta. Deixar que passi el maltemps. Reposar quan ens fallen les forces. Compartir un instant amb nosaltres mateixos. Respirar. Agafar aire. Sentir que estem vius. Abra\u00e7ar-nos.<\/p>\n\n\n\n<p>Les mans s&#8217;apropen a la tassa on fumeja l&#8217;aigua que bull. Hi submergim la bossa que cont\u00e9 un tros de natura. Camamilla. Fruits del bosc. Farigola. An\u00eds. Cua de cavall. Te. Els segons marquen el ritme del temps. Ens relaxem. I \u00e9s durant aquest moment de pau que prenem de gust un, dos o potser tres poemes musicats. A poc a poc, gaireb\u00e9 de manera invisible, es despr\u00e8n l&#8217;ess\u00e8ncia de cada mot i el comp\u00e0s dels versos s&#8217;infusiona en nosaltres i ens nodreixen l&#8217;\u00e0nima. <\/p>\n\n\n\n<figure class=\"wp-block-gallery has-nested-images columns-default is-cropped wp-block-gallery-1 is-layout-flex wp-block-gallery-is-layout-flex\">\n<figure class=\"wp-block-image size-large\"><img loading=\"lazy\" decoding=\"async\" width=\"1024\" height=\"576\" data-id=\"1345\" src=\"https:\/\/afersdomestics.cat\/wp-content\/uploads\/2026\/01\/IMG_20260115_1905072-1024x576.jpg\" alt=\"\" class=\"wp-image-1345\" srcset=\"https:\/\/afersdomestics.cat\/wp-content\/uploads\/2026\/01\/IMG_20260115_1905072-1024x576.jpg 1024w, https:\/\/afersdomestics.cat\/wp-content\/uploads\/2026\/01\/IMG_20260115_1905072-300x169.jpg 300w, https:\/\/afersdomestics.cat\/wp-content\/uploads\/2026\/01\/IMG_20260115_1905072-768x432.jpg 768w, https:\/\/afersdomestics.cat\/wp-content\/uploads\/2026\/01\/IMG_20260115_1905072-1536x864.jpg 1536w, https:\/\/afersdomestics.cat\/wp-content\/uploads\/2026\/01\/IMG_20260115_1905072-2048x1152.jpg 2048w, https:\/\/afersdomestics.cat\/wp-content\/uploads\/2026\/01\/IMG_20260115_1905072-990x556.jpg 990w, https:\/\/afersdomestics.cat\/wp-content\/uploads\/2026\/01\/IMG_20260115_1905072-1920x1080.jpg 1920w\" sizes=\"auto, (max-width: 1024px) 100vw, 1024px\" \/><\/figure>\n\n\n\n<figure class=\"wp-block-image size-large\"><img loading=\"lazy\" decoding=\"async\" width=\"1024\" height=\"768\" data-id=\"1346\" src=\"https:\/\/afersdomestics.cat\/wp-content\/uploads\/2026\/01\/IMG-20260115-WA0016-1024x768.jpg\" alt=\"\" class=\"wp-image-1346\" srcset=\"https:\/\/afersdomestics.cat\/wp-content\/uploads\/2026\/01\/IMG-20260115-WA0016-1024x768.jpg 1024w, https:\/\/afersdomestics.cat\/wp-content\/uploads\/2026\/01\/IMG-20260115-WA0016-300x225.jpg 300w, https:\/\/afersdomestics.cat\/wp-content\/uploads\/2026\/01\/IMG-20260115-WA0016-768x576.jpg 768w, https:\/\/afersdomestics.cat\/wp-content\/uploads\/2026\/01\/IMG-20260115-WA0016-1536x1152.jpg 1536w, https:\/\/afersdomestics.cat\/wp-content\/uploads\/2026\/01\/IMG-20260115-WA0016-960x720.jpg 960w, https:\/\/afersdomestics.cat\/wp-content\/uploads\/2026\/01\/IMG-20260115-WA0016-640x480.jpg 640w, https:\/\/afersdomestics.cat\/wp-content\/uploads\/2026\/01\/IMG-20260115-WA0016.jpg 1600w\" sizes=\"auto, (max-width: 1024px) 100vw, 1024px\" \/><\/figure>\n<\/figure>\n\n\n\n<p>Ho heu provat mai? <\/p>\n\n\n\n<p>Som Afers Dom\u00e8stics. Un grup de m\u00fasica que recitem i cantem poesia. Moments de pau, moments per compartir. Moments de tu, de mi o de nosaltres. Petits moments en fam\u00edlia o amb amics. Moments de versos. Moments inoblidables. <\/p>\n\n\n\n<p>Fusionem versos en catal\u00e0 de poetes dels Pa\u00efsos Catalans: Pilar Cabot, Maria Josep Escriv\u00e0, Marc Granell, Jordi Homs, Susanna Lliber\u00f3s, Miquel Mart\u00ed i Pol, Josep Porcar, Marta Vilardaga, Jordi Sol\u00e0 Coll, Vicen\u00e7 Zumajo. Si esteu interessats en un concert en petit format, <a href=\"https:\/\/afersdomestics.cat\/index.php\/contacte\/\" data-type=\"link\" data-id=\"https:\/\/afersdomestics.cat\/index.php\/contacte\/\">contacteu-nos<\/a>.<\/p>\n\n\n\n<p>Preneu moments de versos i de m\u00fasica en catal\u00e0!<\/p>\n\n\n\n<figure class=\"wp-block-embed alignleft is-type-video is-provider-youtube wp-block-embed-youtube wp-embed-aspect-16-9 wp-has-aspect-ratio\"><div class=\"wp-block-embed__wrapper\">\n<iframe loading=\"lazy\" title=\"\u00danic vers, d&#039;Afers Dom\u00e8stics\" width=\"990\" height=\"557\" src=\"https:\/\/www.youtube.com\/embed\/9gngOxuGR6k?feature=oembed\" frameborder=\"0\" allow=\"accelerometer; autoplay; clipboard-write; encrypted-media; gyroscope; picture-in-picture; web-share\" referrerpolicy=\"strict-origin-when-cross-origin\" allowfullscreen><\/iframe>\n<\/div><\/figure>\n","protected":false},"excerpt":{"rendered":"<p>Entres? A fora plou. Fa fred. \u00c9s fosc. \u00c9s en aquests moments quan apreciem tenir un sostre on resguardar-nos, oi? Trobar recer enmig d&#8217;una tempesta. Deixar que passi el maltemps.<a href=\"https:\/\/afersdomestics.cat\/index.php\/2026\/01\/17\/fusio-de-musica-i-poesia\/\" class=\"more-link\"><span class=\"readmore\">Si vols saber-ne m\u00e9s&#8230;<span class=\"screen-reader-text\">Fusi\u00f3 de m\u00fasica i poesia<\/span><\/span><\/a><\/p>\n","protected":false},"author":1,"featured_media":1342,"comment_status":"open","ping_status":"open","sticky":true,"template":"","format":"standard","meta":{"footnotes":""},"categories":[5],"tags":[11,10],"class_list":["post-1341","post","type-post","status-publish","format-standard","has-post-thumbnail","hentry","category-noticies","tag-musica","tag-poesia"],"_links":{"self":[{"href":"https:\/\/afersdomestics.cat\/index.php\/wp-json\/wp\/v2\/posts\/1341","targetHints":{"allow":["GET"]}}],"collection":[{"href":"https:\/\/afersdomestics.cat\/index.php\/wp-json\/wp\/v2\/posts"}],"about":[{"href":"https:\/\/afersdomestics.cat\/index.php\/wp-json\/wp\/v2\/types\/post"}],"author":[{"embeddable":true,"href":"https:\/\/afersdomestics.cat\/index.php\/wp-json\/wp\/v2\/users\/1"}],"replies":[{"embeddable":true,"href":"https:\/\/afersdomestics.cat\/index.php\/wp-json\/wp\/v2\/comments?post=1341"}],"version-history":[{"count":8,"href":"https:\/\/afersdomestics.cat\/index.php\/wp-json\/wp\/v2\/posts\/1341\/revisions"}],"predecessor-version":[{"id":1356,"href":"https:\/\/afersdomestics.cat\/index.php\/wp-json\/wp\/v2\/posts\/1341\/revisions\/1356"}],"wp:featuredmedia":[{"embeddable":true,"href":"https:\/\/afersdomestics.cat\/index.php\/wp-json\/wp\/v2\/media\/1342"}],"wp:attachment":[{"href":"https:\/\/afersdomestics.cat\/index.php\/wp-json\/wp\/v2\/media?parent=1341"}],"wp:term":[{"taxonomy":"category","embeddable":true,"href":"https:\/\/afersdomestics.cat\/index.php\/wp-json\/wp\/v2\/categories?post=1341"},{"taxonomy":"post_tag","embeddable":true,"href":"https:\/\/afersdomestics.cat\/index.php\/wp-json\/wp\/v2\/tags?post=1341"}],"curies":[{"name":"wp","href":"https:\/\/api.w.org\/{rel}","templated":true}]}}