{"id":1274,"date":"2025-11-11T18:19:43","date_gmt":"2025-11-11T18:19:43","guid":{"rendered":"https:\/\/afersdomestics.cat\/?p=1274"},"modified":"2025-11-11T21:57:57","modified_gmt":"2025-11-11T21:57:57","slug":"caliu-domestic-a-la-gala-de-lliurament-del-premi-miquel-marti-i-pol","status":"publish","type":"post","link":"https:\/\/afersdomestics.cat\/index.php\/2025\/11\/11\/caliu-domestic-a-la-gala-de-lliurament-del-premi-miquel-marti-i-pol\/","title":{"rendered":"Caliu dom\u00e8stic a la gala de lliurament del Premi Miquel Mart\u00ed i Pol"},"content":{"rendered":"\n<blockquote class=\"wp-block-quote is-layout-flow wp-block-quote-is-layout-flow\">\n<p>&#8220;El viure enc\u00e8s s&#8217;ha tornat vers,<br>com un recer fet de pinassa:<br>la llar d&#8217;on pengen atuells<br>il\u00b7luminats per tanta brasa&#8221; &#8211; Laia Llobera<\/p>\n<\/blockquote>\n\n\n\n<p>S&#8217;ha fet de nit per\u00f2 hi ha llum a dins les cases. Si empenys la porta i entres cap a dins, pots emportar-te una agradable sorpresa i trobar un espai de pau i ple de caliu. S&#8217;escolta una melodia que remet a un text de Merc\u00e8 Rodoreda, <a href=\"https:\/\/youtu.be\/pj9u0MTJRGk?si=lkmsIls03o3iNmuO\" data-type=\"link\" data-id=\"https:\/\/youtu.be\/pj9u0MTJRGk?si=lkmsIls03o3iNmuO\" target=\"_blank\" rel=\"noreferrer noopener\">&#8216;La Salamandra&#8217;, i que li donen veu el duet L&#8217;Arann\u00e0<\/a> (la guixolenca Anna Sala, i l&#8217;eivissenca Lara Magriny\u00e0, guanyadores del <a href=\"https:\/\/www.enderrock.cat\/terraicultura\/noticia\/152\/aranna\/guanya\/xvii\/premi\/miquel\/marti\/pol\/millor\/poesia\/musicada\" target=\"_blank\" rel=\"noreferrer noopener\">premi Miquel Mart\u00ed i Pol el 2024<\/a>). Tot \u00e9s apunt perqu\u00e8 cremin les brases i l&#8217;ambient \u00e9s l&#8217;adequat per celebrar-hi un acte que per a nosaltres esdev\u00e9 m\u00e0gic. Si \u00e9s cosa de bruixes no ho sabem, en salamandra tampoc ens hem convertit, per\u00f2 l&#8217;energia del foc ens rou per dins i notem com poc a poc anem brodant un projecte dom\u00e8stic proper i sincer que traspua caliu.<\/p>\n\n\n\n<p>Diuen que &#8220;l&#8217;art teixeix lligams entre paraula, m\u00fasica i emoci\u00f3&#8221;. Aix\u00ed ho escoltavem de la veu de la S\u00edlvia Bel. \u00c9s teixint com el cercle es va fent m\u00e9s gran. Tenir amics poetes ens ha portat fins aqu\u00ed. Ells i la nostra curiositat per aprendre ens fan cr\u00e9ixer cada dia una mica m\u00e9s. A l&#8217;octubre de 2021 condu\u00edem en fam\u00edlia fins a Almussafes, per fer costat a una gran amiga osonenca i poetessa que amb &#8216;Una cadira en la boira&#8217; recollia el premi al <a href=\"https:\/\/almussafes.net\/marta-vilardaga-i-laura-cabedo-guanyen-el-xxv-certamen-de-poesia-marc-granell-dalmussafes\/\" target=\"_blank\" rel=\"noreferrer noopener\">XXV Certamen de Poesia Marc Granell Vila d&#8217;Almussafes<\/a>, molt ben acompanyada pel poeta castellonenc Josep Porcar. Ben acollits per tots dos, fou all\u00e0 que vam compartir taula i hi vam con\u00e8ixer tres poetes m\u00e9s, el valenci\u00e0 Marc Granell, la grauera Maria Josep Escriv\u00e0 i el barcelon\u00ed (d&#8217;arrels moianeses) Jordi Sol\u00e0 Coll. &#8216;Vincles&#8217;que es van teixint a poc a poc, poetes que esdevenen amics i versos que infusionen endins nostre i omplen sense fer massa soroll la prestatgeria de casa.<\/p>\n\n\n\n<p id=\"block-2e75caef-1fa5-4a21-8834-407b69dc5612\">Afers Dom\u00e8stics, un projecte que despr\u00e8n la seva ess\u00e8ncia i que va prenent cos. Un grup nascut al menjador de casa durant la pand\u00e8mia, en fam\u00edlia, i que amb aquests cinc anys ha anat prenent forma, transformant-se i consolidant-se en companyia de dos bons amics m\u00e9s. En Jordi, la Pepa, en Josep i la N\u00faria. Tots quatre avui hem fet un salt molt emotiu sentint com del menjador de casa i passant ben a prop de la llar de foc de l&#8217;antic despatx de &#8216;El Xalet&#8217;, ens hem trobat asseguts enmig d&#8217;un p\u00fablic entregat que ha donat tot el caliu que es mereix al <a href=\"https:\/\/miquelmartiipol.cat\/promocio-a-la-creacio\/premi-miquel-marti-i-pol-certament-terra-i-cultura-2025\/\" target=\"_blank\" rel=\"noreferrer noopener\">Cert\u00e0men Terra i Cultura 2025<\/a> que es celebrava aquesta nit passada a la Casa Golferichs de Barcelona.<\/p>\n\n\n\n<p id=\"block-75c2de48-c013-486e-b226-5c303c8306e8\">\u00c9s cert que enfilar-se cap amunt pot fer vert\u00edgen. I passar de seure al sof\u00e0 de casa a sortir per la porta i comen\u00e7ar a enfilar esgraons amunt pot espantar una mica. Per\u00f2 val la pena atrevir-se a caminar i tenir ganes d&#8217;anar m\u00e9s lluny. Junts tot \u00e9s possible, ho sabem b\u00e9. I cal acollir els somnis com el que s\u00f3n: un acte de fe en la vida. Aix\u00ed ho deia en <strong>Miquel Mart\u00ed i Pol<\/strong> i aix\u00ed ho creiem nosaltres.<\/p>\n\n\n<div class=\"wp-block-image\">\n<figure class=\"alignleft size-large\"><img loading=\"lazy\" decoding=\"async\" width=\"576\" height=\"1024\" src=\"https:\/\/afersdomestics.cat\/wp-content\/uploads\/2025\/11\/IMG_20251110_204837-576x1024.jpg\" alt=\"\" class=\"wp-image-1288\" srcset=\"https:\/\/afersdomestics.cat\/wp-content\/uploads\/2025\/11\/IMG_20251110_204837-576x1024.jpg 576w, https:\/\/afersdomestics.cat\/wp-content\/uploads\/2025\/11\/IMG_20251110_204837-169x300.jpg 169w, https:\/\/afersdomestics.cat\/wp-content\/uploads\/2025\/11\/IMG_20251110_204837-768x1366.jpg 768w, https:\/\/afersdomestics.cat\/wp-content\/uploads\/2025\/11\/IMG_20251110_204837-864x1536.jpg 864w, https:\/\/afersdomestics.cat\/wp-content\/uploads\/2025\/11\/IMG_20251110_204837-1152x2048.jpg 1152w, https:\/\/afersdomestics.cat\/wp-content\/uploads\/2025\/11\/IMG_20251110_204837-scaled.jpg 1439w\" sizes=\"auto, (max-width: 576px) 100vw, 576px\" \/><figcaption class=\"wp-element-caption\">Foto: Anna Munujos. Afers Dom\u00e8stics a les escales de &#8216;El Xalet&#8217; de la Casa Golferichs (10\/11\/2025)<\/figcaption><\/figure>\n<\/div>\n\n\n<p id=\"block-3a449a93-8149-4f63-89c9-62fe3bc03cf1\">I de la planta baixa cap a les golfes de la casa Golferichs, entre grans vitralls i acabats de fusta, ens hem assegut amb la il\u00b7lusi\u00f3 d&#8217;un infant que estrena unes sabates noves amb moltes ganes de fer costat als grups musicals que han estat finalistes d&#8217;aquesta 18a edici\u00f3 del Premi Miquel Mart\u00ed i Pol del Certamen Terra i Cultura 2025 que impulsa la Fundaci\u00f3 Vall Llach i que atorga a les millors can\u00e7ons amb m\u00fasica original basades en poemes de llengua catalana.<\/p>\n\n\n\n<p>Un acte bonic on hem tingut la sort de gaudir d&#8217;un petit tast de paraules per a cadascun dels 5 poemes musicats finalistes i a trav\u00e9s de la veu dels membres del jurat i encap\u00e7alat pel m\u00fasic, escriptor i gran activista cultural Llu\u00eds Llach, que ha volgut recordar a d&#8217;altres bons amics que com ell foren impulsors d&#8217;aquest meravell\u00f3s cert\u00e0men: l&#8217;Emili Teixidor o en Ramon Muntaner.<\/p>\n\n\n\n<p>Cada mot ha deixat empremta entre nosaltres. I dia a dia, amb cura, tota llavor creix i acaba florint. Com b\u00e9 ha dit l&#8217;Eduard Escoffet mentre presentava la can\u00e7\u00f3 guanyadora, desitgem que la poesia i la m\u00fasica d&#8217;aquest certamen arribi als centres educatius per sembrar les seves llavors entre els m\u00e9s petits i els m\u00e9s joves, com li va passar a en Fredrik, que gr\u00e0cies a un dels seus professors de literatura va descobrir Joan Brossa (amb &#8216;<a href=\"https:\/\/www.youtube.com\/watch?v=Enf6xjEBILw\" target=\"_blank\" rel=\"noreferrer noopener\">Eco del sol detingut&#8217;) a trav\u00e9s del poema musicat per l&#8217;Ivette Nadal<\/a> que guanyava al 2010 el <a href=\"https:\/\/www.ivettenadal.com\/treball8-poemari_terra_i_cultura.html\" target=\"_blank\" rel=\"noreferrer noopener\">III certamen del Terra i Cultura<\/a>.<\/p>\n\n\n\n<figure class=\"wp-block-gallery has-nested-images columns-default is-cropped wp-block-gallery-1 is-layout-flex wp-block-gallery-is-layout-flex\">\n<figure class=\"wp-block-image size-large\"><img loading=\"lazy\" decoding=\"async\" width=\"1024\" height=\"462\" data-id=\"1292\" src=\"https:\/\/afersdomestics.cat\/wp-content\/uploads\/2025\/11\/20251110_193346-1-1024x462.jpg\" alt=\"\" class=\"wp-image-1292\" srcset=\"https:\/\/afersdomestics.cat\/wp-content\/uploads\/2025\/11\/20251110_193346-1-1024x462.jpg 1024w, https:\/\/afersdomestics.cat\/wp-content\/uploads\/2025\/11\/20251110_193346-1-300x135.jpg 300w, https:\/\/afersdomestics.cat\/wp-content\/uploads\/2025\/11\/20251110_193346-1-768x346.jpg 768w, https:\/\/afersdomestics.cat\/wp-content\/uploads\/2025\/11\/20251110_193346-1-1536x692.jpg 1536w, https:\/\/afersdomestics.cat\/wp-content\/uploads\/2025\/11\/20251110_193346-1-2048x923.jpg 2048w\" sizes=\"auto, (max-width: 1024px) 100vw, 1024px\" \/><\/figure>\n\n\n\n<figure class=\"wp-block-image size-large\"><img loading=\"lazy\" decoding=\"async\" width=\"1024\" height=\"462\" data-id=\"1290\" src=\"https:\/\/afersdomestics.cat\/wp-content\/uploads\/2025\/11\/20251110_193920-1-1024x462.jpg\" alt=\"\" class=\"wp-image-1290\" srcset=\"https:\/\/afersdomestics.cat\/wp-content\/uploads\/2025\/11\/20251110_193920-1-1024x462.jpg 1024w, https:\/\/afersdomestics.cat\/wp-content\/uploads\/2025\/11\/20251110_193920-1-300x135.jpg 300w, https:\/\/afersdomestics.cat\/wp-content\/uploads\/2025\/11\/20251110_193920-1-768x346.jpg 768w, https:\/\/afersdomestics.cat\/wp-content\/uploads\/2025\/11\/20251110_193920-1-1536x692.jpg 1536w, https:\/\/afersdomestics.cat\/wp-content\/uploads\/2025\/11\/20251110_193920-1-2048x923.jpg 2048w\" sizes=\"auto, (max-width: 1024px) 100vw, 1024px\" \/><\/figure>\n\n\n\n<figure class=\"wp-block-image size-large\"><img loading=\"lazy\" decoding=\"async\" width=\"1024\" height=\"462\" data-id=\"1291\" src=\"https:\/\/afersdomestics.cat\/wp-content\/uploads\/2025\/11\/20251110_194542-1-1024x462.jpg\" alt=\"\" class=\"wp-image-1291\" srcset=\"https:\/\/afersdomestics.cat\/wp-content\/uploads\/2025\/11\/20251110_194542-1-1024x462.jpg 1024w, https:\/\/afersdomestics.cat\/wp-content\/uploads\/2025\/11\/20251110_194542-1-300x135.jpg 300w, https:\/\/afersdomestics.cat\/wp-content\/uploads\/2025\/11\/20251110_194542-1-768x346.jpg 768w, https:\/\/afersdomestics.cat\/wp-content\/uploads\/2025\/11\/20251110_194542-1-1536x692.jpg 1536w, https:\/\/afersdomestics.cat\/wp-content\/uploads\/2025\/11\/20251110_194542-1-2048x923.jpg 2048w\" sizes=\"auto, (max-width: 1024px) 100vw, 1024px\" \/><\/figure>\n\n\n\n<figure class=\"wp-block-image size-large\"><img loading=\"lazy\" decoding=\"async\" width=\"1024\" height=\"462\" data-id=\"1294\" src=\"https:\/\/afersdomestics.cat\/wp-content\/uploads\/2025\/11\/20251110_195026-1-1024x462.jpg\" alt=\"\" class=\"wp-image-1294\" srcset=\"https:\/\/afersdomestics.cat\/wp-content\/uploads\/2025\/11\/20251110_195026-1-1024x462.jpg 1024w, https:\/\/afersdomestics.cat\/wp-content\/uploads\/2025\/11\/20251110_195026-1-300x135.jpg 300w, https:\/\/afersdomestics.cat\/wp-content\/uploads\/2025\/11\/20251110_195026-1-768x346.jpg 768w, https:\/\/afersdomestics.cat\/wp-content\/uploads\/2025\/11\/20251110_195026-1-1536x692.jpg 1536w, https:\/\/afersdomestics.cat\/wp-content\/uploads\/2025\/11\/20251110_195026-1-2048x923.jpg 2048w\" sizes=\"auto, (max-width: 1024px) 100vw, 1024px\" \/><\/figure>\n\n\n\n<figure class=\"wp-block-image size-large\"><img loading=\"lazy\" decoding=\"async\" width=\"1024\" height=\"462\" data-id=\"1293\" src=\"https:\/\/afersdomestics.cat\/wp-content\/uploads\/2025\/11\/20251110_195652-1-1024x462.jpg\" alt=\"\" class=\"wp-image-1293\" srcset=\"https:\/\/afersdomestics.cat\/wp-content\/uploads\/2025\/11\/20251110_195652-1-1024x462.jpg 1024w, https:\/\/afersdomestics.cat\/wp-content\/uploads\/2025\/11\/20251110_195652-1-300x135.jpg 300w, https:\/\/afersdomestics.cat\/wp-content\/uploads\/2025\/11\/20251110_195652-1-768x346.jpg 768w, https:\/\/afersdomestics.cat\/wp-content\/uploads\/2025\/11\/20251110_195652-1-1536x692.jpg 1536w, https:\/\/afersdomestics.cat\/wp-content\/uploads\/2025\/11\/20251110_195652-1-2048x923.jpg 2048w\" sizes=\"auto, (max-width: 1024px) 100vw, 1024px\" \/><\/figure>\n\n\n\n<figure class=\"wp-block-image size-large\"><img loading=\"lazy\" decoding=\"async\" width=\"1024\" height=\"576\" data-id=\"1296\" src=\"https:\/\/afersdomestics.cat\/wp-content\/uploads\/2025\/11\/IMG_20251110_190613-1-1024x576.jpg\" alt=\"\" class=\"wp-image-1296\" srcset=\"https:\/\/afersdomestics.cat\/wp-content\/uploads\/2025\/11\/IMG_20251110_190613-1-1024x576.jpg 1024w, https:\/\/afersdomestics.cat\/wp-content\/uploads\/2025\/11\/IMG_20251110_190613-1-300x169.jpg 300w, https:\/\/afersdomestics.cat\/wp-content\/uploads\/2025\/11\/IMG_20251110_190613-1-768x432.jpg 768w, https:\/\/afersdomestics.cat\/wp-content\/uploads\/2025\/11\/IMG_20251110_190613-1-1536x864.jpg 1536w, https:\/\/afersdomestics.cat\/wp-content\/uploads\/2025\/11\/IMG_20251110_190613-1-2048x1152.jpg 2048w, https:\/\/afersdomestics.cat\/wp-content\/uploads\/2025\/11\/IMG_20251110_190613-1-990x556.jpg 990w, https:\/\/afersdomestics.cat\/wp-content\/uploads\/2025\/11\/IMG_20251110_190613-1-1920x1080.jpg 1920w\" sizes=\"auto, (max-width: 1024px) 100vw, 1024px\" \/><\/figure>\n\n\n\n<figure class=\"wp-block-image size-large\"><img loading=\"lazy\" decoding=\"async\" width=\"1024\" height=\"1002\" data-id=\"1295\" src=\"https:\/\/afersdomestics.cat\/wp-content\/uploads\/2025\/11\/IMG-20251110-WA0041-1-1024x1002.jpg\" alt=\"\" class=\"wp-image-1295\" srcset=\"https:\/\/afersdomestics.cat\/wp-content\/uploads\/2025\/11\/IMG-20251110-WA0041-1-1024x1002.jpg 1024w, https:\/\/afersdomestics.cat\/wp-content\/uploads\/2025\/11\/IMG-20251110-WA0041-1-300x294.jpg 300w, https:\/\/afersdomestics.cat\/wp-content\/uploads\/2025\/11\/IMG-20251110-WA0041-1-768x752.jpg 768w, https:\/\/afersdomestics.cat\/wp-content\/uploads\/2025\/11\/IMG-20251110-WA0041-1-1536x1503.jpg 1536w, https:\/\/afersdomestics.cat\/wp-content\/uploads\/2025\/11\/IMG-20251110-WA0041-1.jpg 1600w\" sizes=\"auto, (max-width: 1024px) 100vw, 1024px\" \/><figcaption class=\"wp-element-caption\">Fotos pr\u00f2pies. Foto de grup amb Llu\u00eds Llach d&#8217;Anna Munujos. Casa Golferichs. 10\/11\/2025<\/figcaption><\/figure>\n\n\n\n<figure class=\"wp-block-image size-large\"><img loading=\"lazy\" decoding=\"async\" width=\"992\" height=\"1024\" data-id=\"1285\" src=\"https:\/\/afersdomestics.cat\/wp-content\/uploads\/2025\/11\/IMG-20251110-WA0035-992x1024.jpg\" alt=\"\" class=\"wp-image-1285\" srcset=\"https:\/\/afersdomestics.cat\/wp-content\/uploads\/2025\/11\/IMG-20251110-WA0035-992x1024.jpg 992w, https:\/\/afersdomestics.cat\/wp-content\/uploads\/2025\/11\/IMG-20251110-WA0035-291x300.jpg 291w, https:\/\/afersdomestics.cat\/wp-content\/uploads\/2025\/11\/IMG-20251110-WA0035-768x793.jpg 768w, https:\/\/afersdomestics.cat\/wp-content\/uploads\/2025\/11\/IMG-20251110-WA0035-1488x1536.jpg 1488w, https:\/\/afersdomestics.cat\/wp-content\/uploads\/2025\/11\/IMG-20251110-WA0035.jpg 1550w\" sizes=\"auto, (max-width: 992px) 100vw, 992px\" \/><\/figure>\n<\/figure>\n\n\n\n<p>Sembrar, nodrir, cr\u00e9ixer, recollir\u2026 Compartir, sumar, connectar i fer &#8216;vincles&#8217;, com el poema de Joan Vinyoli i que tant b\u00e9 ens han interpretat en directe el <a href=\"https:\/\/www.batall.com\/artistes.php?id=146\" target=\"_blank\" rel=\"noreferrer noopener\">Marc Parrot i el Quartet Brossa<\/a> -segons premiats-. Pell de gallina l&#8217;embolcall de cordes que saben sostenir amb molta cura els versos que canta en Marc Parrot.<\/p>\n\n\n\n<p>Agra\u00efts d&#8217;haver compartit aquest moment que ens emportem amb nosaltres, del regal d&#8217;haver estat escoltats pel jurat i haver estat <a href=\"https:\/\/www.enderrock.cat\/noticia\/30313\/25-poemes-musicats-seleccionats-lluis-llach-al-terra-cultura-2025\" target=\"_blank\" rel=\"noreferrer noopener\">entre els 25 seleccionats per aquest cert\u00e0men<\/a>, de l&#8217;emoci\u00f3 que hem sentit de seguir fent vincles, de donar-nos la m\u00e0 amb l&#8217;amiga pradenca i <a href=\"https:\/\/amunujosbphotography.com\/\" target=\"_blank\" rel=\"noreferrer noopener\">fot\u00f2grafa Anna Munujos<\/a> i de tenir la sort de compartir unes paraules i una m\u00e0gica abra\u00e7ada amb en Llu\u00eds Llach. Gr\u00e0cies a tots els membres del jurat i molt especialment a la bona feina que fan des de la revista Enderrock.<\/p>\n\n\n\n<figure class=\"wp-block-video alignleft\"><video height=\"864\" style=\"aspect-ratio: 1920 \/ 864;\" width=\"1920\" controls loop muted src=\"https:\/\/afersdomestics.cat\/wp-content\/uploads\/2025\/11\/20251110_201359-1.mp4\" playsinline><\/video><figcaption class=\"wp-element-caption\">V\u00eddeo: propi. Golfes de la Casa Golferichs. Un fragment de la can\u00e7\u00f3 &#8216;Vincles&#8217; (un poema de Joan Vinyoli), de Marc Parrot i el Quartet Brossa, 2n premi.<\/figcaption><\/figure>\n\n\n\n<p>Enhorabona als vint-i-cinc seleccionats d&#8217;aquesta edici\u00f3 amb majoria d&#8217;edat, de nou felicitats als cinc finalistes, als dos premiats i un urra ben especial per les dues membres del grup \u00d6livias que amb la musicaci\u00f3 de \u00abDesamor\u00bb de Josep Maria Llompart s&#8217;han emportat el premi acc\u00e8ssit que els permetr\u00e0 viure i cr\u00e9ixer en una <a href=\"https:\/\/www.mallorcaliteraria.cat\/ca\/residencies\" target=\"_blank\" rel=\"noreferrer noopener\">resid\u00e8ncia po\u00e8tica de quinze dies a la Fundaci\u00f3 Mallorca Liter\u00e0ria<\/a>.<\/p>\n\n\n\n<p>Gr\u00e0cies a tots els que cultiveu la poesia. Escrivint-la, llegint-la, musicant-la, escoltant-la. Als que us emocioneu. Als que sembreu versos cada dia. <\/p>\n\n\n\n<p>Nosaltres seguim caminant i aprenent, nodrint-nos de bona m\u00fasica i de versos sentits que t&#8217;atrapen si aprens a aturar-te, a sentir-los i a viure&#8217;ls. L&#8217;amor a la poesia ens est\u00e0 regalant moments eterns.<\/p>\n\n\n\n<p>Agra\u00efts, agra\u00efts, agra\u00efts fins a la lluna i m\u00e9s enll\u00e0! Lluny ben lluny&#8230; i molt m\u00e9s lluny!<\/p>\n\n\n\n<figure class=\"wp-block-embed alignleft is-type-video is-provider-youtube wp-block-embed-youtube wp-embed-aspect-16-9 wp-has-aspect-ratio\"><div class=\"wp-block-embed__wrapper\">\n<iframe loading=\"lazy\" title=\"LLuny, d&#039;Afers Dom\u00e8stics\" width=\"990\" height=\"557\" src=\"https:\/\/www.youtube.com\/embed\/5d5YC6V043w?feature=oembed\" frameborder=\"0\" allow=\"accelerometer; autoplay; clipboard-write; encrypted-media; gyroscope; picture-in-picture; web-share\" referrerpolicy=\"strict-origin-when-cross-origin\" allowfullscreen><\/iframe>\n<\/div><\/figure>\n\n\n\n<p>M\u00e9s informaci\u00f3 a l&#8217;<a href=\"https:\/\/www.enderrock.cat\/terraicultura\/noticia\/156\/fredrik\/guanya\/xviii\/premi\/miquel\/marti\/pol\/millor\/poesia\/musicada\" target=\"_blank\" rel=\"noreferrer noopener\">Enderrock<\/a><\/p>\n","protected":false},"excerpt":{"rendered":"<p>&#8220;El viure enc\u00e8s s&#8217;ha tornat vers,com un recer fet de pinassa:la llar d&#8217;on pengen atuellsil\u00b7luminats per tanta brasa&#8221; &#8211; Laia Llobera S&#8217;ha fet de nit per\u00f2 hi ha llum a<a href=\"https:\/\/afersdomestics.cat\/index.php\/2025\/11\/11\/caliu-domestic-a-la-gala-de-lliurament-del-premi-miquel-marti-i-pol\/\" class=\"more-link\"><span class=\"readmore\">Si vols saber-ne m\u00e9s&#8230;<span class=\"screen-reader-text\">Caliu dom\u00e8stic a la gala de lliurament del Premi Miquel Mart\u00ed i Pol<\/span><\/span><\/a><\/p>\n","protected":false},"author":1,"featured_media":1287,"comment_status":"open","ping_status":"open","sticky":true,"template":"","format":"standard","meta":{"footnotes":""},"categories":[5],"tags":[11,10],"class_list":["post-1274","post","type-post","status-publish","format-standard","has-post-thumbnail","hentry","category-noticies","tag-musica","tag-poesia"],"_links":{"self":[{"href":"https:\/\/afersdomestics.cat\/index.php\/wp-json\/wp\/v2\/posts\/1274","targetHints":{"allow":["GET"]}}],"collection":[{"href":"https:\/\/afersdomestics.cat\/index.php\/wp-json\/wp\/v2\/posts"}],"about":[{"href":"https:\/\/afersdomestics.cat\/index.php\/wp-json\/wp\/v2\/types\/post"}],"author":[{"embeddable":true,"href":"https:\/\/afersdomestics.cat\/index.php\/wp-json\/wp\/v2\/users\/1"}],"replies":[{"embeddable":true,"href":"https:\/\/afersdomestics.cat\/index.php\/wp-json\/wp\/v2\/comments?post=1274"}],"version-history":[{"count":23,"href":"https:\/\/afersdomestics.cat\/index.php\/wp-json\/wp\/v2\/posts\/1274\/revisions"}],"predecessor-version":[{"id":1329,"href":"https:\/\/afersdomestics.cat\/index.php\/wp-json\/wp\/v2\/posts\/1274\/revisions\/1329"}],"wp:featuredmedia":[{"embeddable":true,"href":"https:\/\/afersdomestics.cat\/index.php\/wp-json\/wp\/v2\/media\/1287"}],"wp:attachment":[{"href":"https:\/\/afersdomestics.cat\/index.php\/wp-json\/wp\/v2\/media?parent=1274"}],"wp:term":[{"taxonomy":"category","embeddable":true,"href":"https:\/\/afersdomestics.cat\/index.php\/wp-json\/wp\/v2\/categories?post=1274"},{"taxonomy":"post_tag","embeddable":true,"href":"https:\/\/afersdomestics.cat\/index.php\/wp-json\/wp\/v2\/tags?post=1274"}],"curies":[{"name":"wp","href":"https:\/\/api.w.org\/{rel}","templated":true}]}}