{"id":1189,"date":"2025-10-03T18:40:03","date_gmt":"2025-10-03T18:40:03","guid":{"rendered":"https:\/\/afersdomestics.cat\/?p=1189"},"modified":"2025-10-04T10:27:06","modified_gmt":"2025-10-04T10:27:06","slug":"si-nosaltres-callem-qui-parlara","status":"publish","type":"post","link":"https:\/\/afersdomestics.cat\/index.php\/2025\/10\/03\/si-nosaltres-callem-qui-parlara\/","title":{"rendered":"Si nosaltres callem, qui parlar\u00e0"},"content":{"rendered":"\n<pre class=\"wp-block-verse\">\"L'home damunt la terra est\u00e0 condemnat a viure\", un vers de la publicaci\u00f3 'Deixant flors a la tomba de Rilke' d'<a href=\"https:\/\/www.escriptors.cat\/autors\/bartraa\/obra\" target=\"_blank\" rel=\"noreferrer noopener\">Agust\u00ed Bartra<\/a>. <\/pre>\n\n\n\n<p>Aquest estiu vam tenir el goig de compartir un concert de poesia musicada en el marc de la Festa Major de Prenafeta, una pedania de Montblanc envoltada de vinyes en plena Conca de Barber\u00e0. Mentre el sol es ponia per darrere el perfil de les muntanyes de Prades, nosaltres hi cant\u00e0vem can\u00e7ons dels nostres dos darrers discos i alternant amb alguns poemes recitats de poetes de la Conca de Barber\u00e0, com la Judit Queralt i l&#8217;Anna Maria Roman (que fa pocs mesos han tret un poemari titulat &#8216;L&#8217;hort de les senyorites&#8217;), en Pau Civit (-us en compartim el recitat que va fer el poeta montblanqu\u00ed, Sergi Olivan-) i en Joan Margarit (que estiuejava a For\u00e8s).<\/p>\n\n\n\n<p>Ens agradaria aturar-nos al poema de &#8216;<a href=\"https:\/\/youtu.be\/4N8UNdAPpQ0?si=Rw6Bd5jEBWbhVbxW\" target=\"_blank\" rel=\"noreferrer noopener\">L&#8217;arbre de la vida<\/a>&#8216;, d&#8217;en Jordi Sol\u00e0 Coll i que van recitar sota una base musical un parell de rapsodes del grup Afers Dom\u00e8stics. I per qu\u00e8, us preguntareu. Aquest arbre de la vida b\u00e9 podria ser una olivera centen\u00e0ria arrelada en terra palestina. El seu tronc \u00e9s ara el testimoni impotent del genocidi brutal i despietat per part d&#8217;un estat israeli\u00e0 que escarneix el seu passat a cara descoberta. Les seves fulles s\u00f3n els testimonis del silenci c\u00f2mplice i vergony\u00f3s d&#8217;una Europa que es vanta de democr\u00e0tica i avan\u00e7ada. En el m\u00f3n hi ha ara mateix 56 conflictes armats.<\/p>\n\n\n\n<pre class=\"wp-block-verse\">\"La poesia allunya de les aparences i fa propera la realitat\", Joan Vinyoli <\/pre>\n\n\n\n<figure class=\"wp-block-embed alignleft is-type-video is-provider-youtube wp-block-embed-youtube wp-embed-aspect-16-9 wp-has-aspect-ratio\"><div class=\"wp-block-embed__wrapper\">\n<iframe loading=\"lazy\" title=\"Palestina, la lluna i l&#039;estrella, de Pau Civit\" width=\"990\" height=\"557\" src=\"https:\/\/www.youtube.com\/embed\/E1TEZEvR3ng?feature=oembed\" frameborder=\"0\" allow=\"accelerometer; autoplay; clipboard-write; encrypted-media; gyroscope; picture-in-picture; web-share\" referrerpolicy=\"strict-origin-when-cross-origin\" allowfullscreen><\/iframe>\n<\/div><figcaption class=\"wp-element-caption\">Sergi Olivan recitant el poema de Pau Civit, &lt;Palestina, la lluna i l&#8217;estrella&gt;, durant el concert dels Afers Dom\u00e8stics a Prenafeta (agost de 2025).<\/figcaption><\/figure>\n\n\n\n<p>Quan serem capa\u00e7os de veure els altres com a iguals i no com a enemics que cal eliminar?<\/p>\n\n\n\n<p>Ens importar\u00e0 algun dia all\u00f2 que passa fora de les nostres petites parcel\u00b7les?<\/p>\n\n\n\n<p>En quin lloc, en quin moment hem perdut la nostra humanitat?<\/p>\n\n\n\n<p>Que la poesia sigui tamb\u00e9 eina de den\u00fancia i d&#8217;esperan\u00e7a, prenem la paraula junts i que ens ajudi a sentir-nos m\u00e9s a prop dels nostres germans d&#8217;arreu.<\/p>\n\n\n\n<h2 class=\"wp-block-heading\">Crida &#8216;Si nosaltres callem, qui parlar\u00e0&#8217;<\/h2>\n\n\n\n<p>\u00c9s per aix\u00f2 que a partir d&#8217;avui <strong>encetem una crida a tots els poetes que vulgueu recitar amb la vostra veu<\/strong> el bonic <strong>poema de Miquel Mart\u00ed i Pol, &#8216;Per a tots nosaltres&#8217;<\/strong>. Un poema que despr\u00e8n l&#8217;ess\u00e8ncia d&#8217;una indignaci\u00f3 que camina a ritme del batec d&#8217;una esperan\u00e7a no violenta, com declarava St\u00e9phane Hessel en el seu llibre p\u00f2stum &#8216;<a href=\"https:\/\/www.grup62.cat\/llibre-indigneu-vos\/94093\" target=\"_blank\" rel=\"noreferrer noopener\">Indigneu-vos!<\/a>&#8216;. <\/p>\n\n\n\n<pre class=\"wp-block-verse\">PER A TOTS NOSALTRES<br>Si nosaltres callem, qui parlar\u00e0?<br>\u00c9s cert que val ben poc la nostra veu.<br>Som gent de poca empenta,<br>massa fr\u00edvols i tot perqu\u00e8 ens escoltin.<br>Tanmateix all\u00f2 que resta<br>de m\u00e9s pur en nosaltres<br>val tant -ho sabem b\u00e9- com el neguit<br>de qualsevol hereu d'aquest insigne<br>llinatge de ven\u00e7uts.<br>Cal que insistim,<br>com qui pidola, si voleu, davant<br>de cent portes barrades.<\/pre>\n\n\n\n<p>Aquests dies els quatre membres del grup n&#8217;estem enregistrant una can\u00e7\u00f3 que ha compost el guitarrista d&#8217;Afers Dom\u00e8stics, en Josep Ginesta, i que gravem a l&#8217;estudi del productor musical Ricard Puigdom\u00e8nech.<\/p>\n\n\n\n<pre class=\"wp-block-verse\">Que violenta \u00e9s l'esperan\u00e7a - Guillaume Apollinaire<\/pre>\n\n\n\n<p>Amb aquesta crida volem activar el llenguatge de la col\u00b7lectivitat i que us sumeu a la iniciativa amb la vostra veu, recitant el poema com si fos un cant i aix\u00ed, entre tots sembrem aquests versos amb tanta for\u00e7a del poeta rodenc. Cada recitat \u00e9s una veu \u00fanica. La fita d&#8217;aquesta convocat\u00f2ria \u00e9s cultivar la pau, l&#8217;esperan\u00e7a i la lluita contra la indifer\u00e8ncia a trav\u00e9s de la poesia i <strong>tots junts<\/strong> dir clarament:<\/p>\n\n\n\n<blockquote class=\"wp-block-quote is-layout-flow wp-block-quote-is-layout-flow\">\n<p><strong>&#8220;si nosaltres callem, qui parlar\u00e0<\/strong>&#8220;.<\/p>\n<\/blockquote>\n\n\n\n<p>Com comparteix el poeta <a href=\"https:\/\/www.escriptors.cat\/autors\/altaiov\/biografia-vicenc-altaio\">Vicen\u00e7 Altai\u00f3<\/a> en la seva darrera <a href=\"https:\/\/www.galaxiagutenberg.com\/producto\/el-somni-de-la-subversio\/\" target=\"_blank\" rel=\"noreferrer noopener\">publicaci\u00f3 <\/a>el com va viure per dins el <a href=\"https:\/\/ca.wikipedia.org\/wiki\/Primer_Festival_Popular_de_Poesia_Catalana\" target=\"_blank\" rel=\"noreferrer noopener\">Gespa Price<\/a>, &#8220;la solitud de la poesia, llegida en veu amplificada, es converteix en un imaginari col\u00b7lectiu on cada receptor la interpreta lliurement&#8221;. L&#8217;esperan\u00e7a \u00e9s l&#8217;\u00faltim que es perd. <strong>Ens cal la teva veu, poeta. I la teva tamb\u00e9. Ens calen totes<\/strong>.<\/p>\n\n\n\n<p>Tots els recitats que ens feu arribar els compartirem a les nostres xarxes socials (Instagram @afersdomestics) amb el hashtag #sinosaltrescallemquiparlara, des d&#8217;on us anirem informant i compartint les vostres veus.<\/p>\n\n\n\n<p><\/p>\n\n\n\n<p>Fotografia cap\u00e7alera: Anna Munujos (@amunujosb_photography)<\/p>\n\n\n<div class=\"wp-block-post-author\"><div class=\"wp-block-post-author__avatar\"><img alt='' src='https:\/\/secure.gravatar.com\/avatar\/d4d558c6dc8418246a81af7beccfaef388f24cb1a7ca2ca899583ca3d55a7a1c?s=48&#038;d=blank&#038;r=g' srcset='https:\/\/secure.gravatar.com\/avatar\/d4d558c6dc8418246a81af7beccfaef388f24cb1a7ca2ca899583ca3d55a7a1c?s=96&#038;d=blank&#038;r=g 2x' class='avatar avatar-48 photo' height='48' width='48' \/><\/div><div class=\"wp-block-post-author__content\"><p class=\"wp-block-post-author__name\">Afers Dom\u00e8stics<\/p><\/div><\/div>","protected":false},"excerpt":{"rendered":"<p>&#8220;L&#8217;home damunt la terra est\u00e0 condemnat a viure&#8221;, un vers de la publicaci\u00f3 &#8216;Deixant flors a la tomba de Rilke&#8217; d&#8217;Agust\u00ed Bartra. Aquest estiu vam tenir el goig de compartir<a href=\"https:\/\/afersdomestics.cat\/index.php\/2025\/10\/03\/si-nosaltres-callem-qui-parlara\/\" class=\"more-link\"><span class=\"readmore\">Si vols saber-ne m\u00e9s&#8230;<span class=\"screen-reader-text\">Si nosaltres callem, qui parlar\u00e0<\/span><\/span><\/a><\/p>\n","protected":false},"author":1,"featured_media":1157,"comment_status":"open","ping_status":"open","sticky":true,"template":"","format":"standard","meta":{"footnotes":""},"categories":[5],"tags":[11,10],"class_list":["post-1189","post","type-post","status-publish","format-standard","has-post-thumbnail","hentry","category-noticies","tag-musica","tag-poesia"],"_links":{"self":[{"href":"https:\/\/afersdomestics.cat\/index.php\/wp-json\/wp\/v2\/posts\/1189","targetHints":{"allow":["GET"]}}],"collection":[{"href":"https:\/\/afersdomestics.cat\/index.php\/wp-json\/wp\/v2\/posts"}],"about":[{"href":"https:\/\/afersdomestics.cat\/index.php\/wp-json\/wp\/v2\/types\/post"}],"author":[{"embeddable":true,"href":"https:\/\/afersdomestics.cat\/index.php\/wp-json\/wp\/v2\/users\/1"}],"replies":[{"embeddable":true,"href":"https:\/\/afersdomestics.cat\/index.php\/wp-json\/wp\/v2\/comments?post=1189"}],"version-history":[{"count":41,"href":"https:\/\/afersdomestics.cat\/index.php\/wp-json\/wp\/v2\/posts\/1189\/revisions"}],"predecessor-version":[{"id":1256,"href":"https:\/\/afersdomestics.cat\/index.php\/wp-json\/wp\/v2\/posts\/1189\/revisions\/1256"}],"wp:featuredmedia":[{"embeddable":true,"href":"https:\/\/afersdomestics.cat\/index.php\/wp-json\/wp\/v2\/media\/1157"}],"wp:attachment":[{"href":"https:\/\/afersdomestics.cat\/index.php\/wp-json\/wp\/v2\/media?parent=1189"}],"wp:term":[{"taxonomy":"category","embeddable":true,"href":"https:\/\/afersdomestics.cat\/index.php\/wp-json\/wp\/v2\/categories?post=1189"},{"taxonomy":"post_tag","embeddable":true,"href":"https:\/\/afersdomestics.cat\/index.php\/wp-json\/wp\/v2\/tags?post=1189"}],"curies":[{"name":"wp","href":"https:\/\/api.w.org\/{rel}","templated":true}]}}