{"id":1121,"date":"2024-10-30T17:31:34","date_gmt":"2024-10-30T17:31:34","guid":{"rendered":"https:\/\/afersdomestics.cat\/?p=1121"},"modified":"2024-10-30T17:54:47","modified_gmt":"2024-10-30T17:54:47","slug":"la-poesia-ens-salva","status":"publish","type":"post","link":"https:\/\/afersdomestics.cat\/index.php\/2024\/10\/30\/la-poesia-ens-salva\/","title":{"rendered":"La poesia ens salva"},"content":{"rendered":"\n<p>Malauradament la poesia no impedeix cat\u00e0strofes naturals com la &#8216;Dana&#8217;, que aquestes darreres hores ha desvestit vides prop de casa nostra, en terres que han vist cr\u00e9ixer poetes (del Pa\u00eds Valenci\u00e0) que hem musicat en aquest darrer disc. <\/p>\n\n\n\n<p>Els aiguats tot ho arrasen.<br>La natura s&#8217;entesta a recordar-nos que res \u00e9s etern.<br>\u00c9s resilient en el missatge.<br>La seva veu ens parla. Una vegada i una altra. Com un mantra.<\/p>\n\n\n\n<p>L&#8217;escoltem prou?<\/p>\n\n\n\n<p>Acostumar-se a l&#8217;abs\u00e8ncia del que ahir encara bategava i avui ja no hi \u00e9s causa un dolor immens.<br>No hi ha paraules.<\/p>\n\n\n\n<p>Res pot omplir el buit del que ja no hi \u00e9s. <\/p>\n\n\n\n<p>Toca sobreviure a la intemp\u00e8rie moral que aquesta trag\u00e8dia natural d&#8217;ahir al Pa\u00eds Valenci\u00e0 va arribar com un cavall desbocat a moltes de les persones que avui viuen el buit d&#8217;un \u00e9sser estimat que ja no hi \u00e9s. Riuades, tornados o focs que no deixen rastre, que tot ho arrastren sembrant sofriment i dolor.<\/p>\n\n\n\n<p>No ens queda una altra de &#8216;flotar&#8217; com es pugui aquesta intemp\u00e8rie moral.<\/p>\n\n\n\n<p>Els poetes s&#8217;entesten a filtrar en pocs mots<br>el que molts podem sentir dedins.<\/p>\n\n\n\n<p>Un poema (i la seva melodia) sempre el pots portar a la butxaca, ens deia Joan Margarit,<br>i enmig de la intemp\u00e8rie moral,<br>ens protegeix i esdev\u00e9 barca per no naufragar.<\/p>\n\n\n\n<p>Potser un poema pugui semblar poca cosa. Tant se val.<br>Per\u00f2 permet forjar en pocs mots una \u00e0ncora prou s\u00f2lida per qualsevol emoci\u00f3.<\/p>\n\n\n\n<p>&#8220;Un poema \u00e9s \u00e0ncora d&#8217;emocions&#8221;<\/p>\n\n\n\n<p>i tan sols per aquest motiu ja ens val la pena cuidar la poesia.<\/p>\n\n\n\n<blockquote class=\"wp-block-quote is-layout-flow wp-block-quote-is-layout-flow\">\n<p>En Joan Brossa deia que &#8220;la poesia \u00e9s el reflex emocional del pensament&#8221; i que &#8220;sempre hi haur\u00e0 poesia perqu\u00e8 \u00e9s una necessitat que t\u00e9 l&#8217;home&#8221;.<\/p>\n<\/blockquote>\n\n\n\n<p>Ens oxigena.<br>Resta present.<\/p>\n\n\n\n<p>La poesia no ens omple el buit d&#8217;una abs\u00e8ncia, no, per\u00f2 ens pot salvar de la intemp\u00e8rie moral. <\/p>\n\n\n\n<p>Cuidem-la. <\/p>\n\n\n\n<p>Nodrim-nos-en.<\/p>\n\n\n\n<figure class=\"wp-block-embed is-type-rich is-provider-spotify wp-block-embed-spotify wp-embed-aspect-21-9 wp-has-aspect-ratio\"><div class=\"wp-block-embed__wrapper\">\n<iframe title=\"Spotify Embed: Sortirem dels racons foscos\" style=\"border-radius: 12px\" width=\"100%\" height=\"352\" frameborder=\"0\" allowfullscreen allow=\"autoplay; clipboard-write; encrypted-media; fullscreen; picture-in-picture\" loading=\"lazy\" src=\"https:\/\/open.spotify.com\/embed\/album\/5dwJItU6uh4ZkjI40F9hhR?si=EaplvAdNRAqcyyWu4SrYQQ&#038;utm_source=oembed\"><\/iframe>\n<\/div><\/figure>\n\n\n\n<p>Foto de la cap\u00e7alera: Anna Munujos (@amunujos_photography)<\/p>\n\n\n\n<p><\/p>\n","protected":false},"excerpt":{"rendered":"<p>Malauradament la poesia no impedeix cat\u00e0strofes naturals com la &#8216;Dana&#8217;, que aquestes darreres hores ha desvestit vides prop de casa nostra, en terres que han vist cr\u00e9ixer poetes (del Pa\u00eds<a href=\"https:\/\/afersdomestics.cat\/index.php\/2024\/10\/30\/la-poesia-ens-salva\/\" class=\"more-link\"><span class=\"readmore\">Si vols saber-ne m\u00e9s&#8230;<span class=\"screen-reader-text\">La poesia ens salva<\/span><\/span><\/a><\/p>\n","protected":false},"author":1,"featured_media":1127,"comment_status":"open","ping_status":"open","sticky":true,"template":"","format":"standard","meta":{"footnotes":""},"categories":[5],"tags":[11,10],"class_list":["post-1121","post","type-post","status-publish","format-standard","has-post-thumbnail","hentry","category-noticies","tag-musica","tag-poesia"],"_links":{"self":[{"href":"https:\/\/afersdomestics.cat\/index.php\/wp-json\/wp\/v2\/posts\/1121","targetHints":{"allow":["GET"]}}],"collection":[{"href":"https:\/\/afersdomestics.cat\/index.php\/wp-json\/wp\/v2\/posts"}],"about":[{"href":"https:\/\/afersdomestics.cat\/index.php\/wp-json\/wp\/v2\/types\/post"}],"author":[{"embeddable":true,"href":"https:\/\/afersdomestics.cat\/index.php\/wp-json\/wp\/v2\/users\/1"}],"replies":[{"embeddable":true,"href":"https:\/\/afersdomestics.cat\/index.php\/wp-json\/wp\/v2\/comments?post=1121"}],"version-history":[{"count":7,"href":"https:\/\/afersdomestics.cat\/index.php\/wp-json\/wp\/v2\/posts\/1121\/revisions"}],"predecessor-version":[{"id":1135,"href":"https:\/\/afersdomestics.cat\/index.php\/wp-json\/wp\/v2\/posts\/1121\/revisions\/1135"}],"wp:featuredmedia":[{"embeddable":true,"href":"https:\/\/afersdomestics.cat\/index.php\/wp-json\/wp\/v2\/media\/1127"}],"wp:attachment":[{"href":"https:\/\/afersdomestics.cat\/index.php\/wp-json\/wp\/v2\/media?parent=1121"}],"wp:term":[{"taxonomy":"category","embeddable":true,"href":"https:\/\/afersdomestics.cat\/index.php\/wp-json\/wp\/v2\/categories?post=1121"},{"taxonomy":"post_tag","embeddable":true,"href":"https:\/\/afersdomestics.cat\/index.php\/wp-json\/wp\/v2\/tags?post=1121"}],"curies":[{"name":"wp","href":"https:\/\/api.w.org\/{rel}","templated":true}]}}